{"id":22192,"date":"2026-03-03T10:17:50","date_gmt":"2026-03-03T09:17:50","guid":{"rendered":"https:\/\/www.m2c.eu\/?p=22192"},"modified":"2026-03-03T10:17:50","modified_gmt":"2026-03-03T09:17:50","slug":"oodvzdavanie-cien-visa-top-shop-slovensko","status":"publish","type":"post","link":"https:\/\/www.m2c.eu\/sk\/oodvzdavanie-cien-visa-top-shop-slovensko\/","title":{"rendered":"Oodvzd\u00e1vanie cien VISA TOP SHOP SLOVENSKO"},"content":{"rendered":"<p data-start=\"261\" data-end=\"444\">M2C Slovakia sa z\u00fa\u010dastnila sl\u00e1vnostn\u00e9ho odovzd\u00e1vania cien <strong data-start=\"319\" data-end=\"379\"><span class=\"hover:entity-accent entity-underline inline cursor-pointer align-baseline\"><span class=\"whitespace-normal\">Visa<\/span><\/span> Top Shop Slovensko<\/strong>, ktor\u00e9 oce\u0148uje najlep\u0161ie retailov\u00e9 prev\u00e1dzky na slovenskom trhu.<\/p>\n<p data-start=\"446\" data-end=\"662\">Podujatie spojilo l\u00eddrov retailov\u00e9ho segmentu, z\u00e1stupcov obchodn\u00fdch zna\u010diek, developerov aj odborn\u00fa verejnos\u0165. Pre n\u00e1s je \u00fa\u010das\u0165 na takomto podujat\u00ed potvrden\u00edm, \u017ee retail patr\u00ed medzi na\u0161e k\u013e\u00fa\u010dov\u00e9 strategick\u00e9 segmenty.<\/p>\n<h2 data-start=\"664\" data-end=\"693\">Reprezent\u00e1cia M2C Slovakia<\/h2>\n<p data-start=\"695\" data-end=\"723\">Na podujat\u00ed n\u00e1s zastupovali:<\/p>\n<ul data-start=\"725\" data-end=\"826\">\n<li data-start=\"725\" data-end=\"762\">\n<p data-start=\"727\" data-end=\"762\"><strong data-start=\"727\" data-end=\"742\">Peter Rihay<\/strong>, CEO M2C Slovakia<\/p>\n<\/li>\n<li data-start=\"763\" data-end=\"826\">\n<p data-start=\"765\" data-end=\"826\">Tom\u00e1\u0161 Svr\u010dek, projektov\u00fd mana\u017e\u00e9r pre dronov\u00e9 \u010distenie fas\u00e1d<\/p>\n<\/li>\n<\/ul>\n<p data-start=\"828\" data-end=\"994\">Stretnutia s retailovou komunitou n\u00e1m umo\u017e\u0148uj\u00fa diskutova\u0165 o aktu\u00e1lnych v\u00fdzvach v oblasti spr\u00e1vy budov, optimaliz\u00e1cie n\u00e1kladov, digitaliz\u00e1cie a moderniz\u00e1cie prev\u00e1dzok.<\/p>\n<h2 data-start=\"996\" data-end=\"1030\">Retail ako strategick\u00e1 priorita<\/h2>\n<p data-start=\"1032\" data-end=\"1096\">V M2C Slovakia prin\u00e1\u0161ame retailov\u00fdm klientom komplexn\u00e9 rie\u0161enia:<\/p>\n<ul data-start=\"1098\" data-end=\"1296\">\n<li data-start=\"1098\" data-end=\"1149\">\n<p data-start=\"1100\" data-end=\"1149\">Facility management a technick\u00fa spr\u00e1vu objektov<\/p>\n<\/li>\n<li data-start=\"1150\" data-end=\"1193\">\n<p data-start=\"1152\" data-end=\"1193\">Digitaliz\u00e1ciu a automatiz\u00e1ciu prev\u00e1dzok<\/p>\n<\/li>\n<li data-start=\"1194\" data-end=\"1247\">\n<p data-start=\"1196\" data-end=\"1247\">Inovat\u00edvne technol\u00f3gie vr\u00e1tane dronov\u00e9ho \u010distenia<\/p>\n<\/li>\n<li data-start=\"1248\" data-end=\"1296\">\n<p data-start=\"1250\" data-end=\"1296\">Fit-out a moderniz\u00e1cie obchodn\u00fdch priestorov<\/p>\n<\/li>\n<\/ul>\n<p data-start=\"1298\" data-end=\"1510\">Partnerstv\u00e1 a \u00fa\u010das\u0165 na podujatiach ako Visa Top Shop Slovensko n\u00e1m umo\u017e\u0148uj\u00fa by\u0165 bli\u017e\u0161ie k trhu, lep\u0161ie rozumie\u0165 potreb\u00e1m klientov a prin\u00e1\u0161a\u0165 rie\u0161enia, ktor\u00e9 maj\u00fa re\u00e1lny dopad na efektivitu a z\u00e1kazn\u00edcku sk\u00fasenos\u0165.<\/p>\n<p data-start=\"1512\" data-end=\"1630\">\u010eakujeme organiz\u00e1torom za profesion\u00e1lnu \u00farove\u0148 podujatia a te\u0161\u00edme sa na \u010fal\u0161ie stretnutia v r\u00e1mci retailovej komunity.<\/p>\n<p data-start=\"1512\" data-end=\"1630\"><img loading=\"lazy\" decoding=\"async\" class=\"alignnone size-medium wp-image-22203\" src=\"data:image\/gif;base64,R0lGODlhAQABAIAAAAAAAP\/\/\/yH5BAEAAAAALAAAAAABAAEAAAIBRAA7\" data-src=\"https:\/\/www.m2c.eu\/wp-content\/uploads\/2026\/03\/549e1899-680d-446b-ae97-e0adbd3ddcab-300x225.jpg\" alt=\"\" width=\"300\" height=\"225\" srcset=\"data:image\/gif;base64,R0lGODlhAQABAIAAAAAAAP\/\/\/yH5BAEAAAAALAAAAAABAAEAAAIBRAA7\" data-srcset=\"https:\/\/www.m2c.eu\/wp-content\/uploads\/2026\/03\/549e1899-680d-446b-ae97-e0adbd3ddcab-300x225.jpg 300w, https:\/\/www.m2c.eu\/wp-content\/uploads\/2026\/03\/549e1899-680d-446b-ae97-e0adbd3ddcab-1024x768.jpg 1024w, https:\/\/www.m2c.eu\/wp-content\/uploads\/2026\/03\/549e1899-680d-446b-ae97-e0adbd3ddcab-768x576.jpg 768w, https:\/\/www.m2c.eu\/wp-content\/uploads\/2026\/03\/549e1899-680d-446b-ae97-e0adbd3ddcab-1536x1152.jpg 1536w, https:\/\/www.m2c.eu\/wp-content\/uploads\/2026\/03\/549e1899-680d-446b-ae97-e0adbd3ddcab.jpg 1600w\" sizes=\"auto, (max-width: 300px) 100vw, 300px\" \/><img loading=\"lazy\" decoding=\"async\" class=\"alignnone size-medium wp-image-22212\" src=\"data:image\/gif;base64,R0lGODlhAQABAIAAAAAAAP\/\/\/yH5BAEAAAAALAAAAAABAAEAAAIBRAA7\" data-src=\"https:\/\/www.m2c.eu\/wp-content\/uploads\/2026\/03\/586191a5-6cc8-40a3-809d-134dfa9ad76d-300x225.jpg\" alt=\"\" width=\"300\" height=\"225\" srcset=\"data:image\/gif;base64,R0lGODlhAQABAIAAAAAAAP\/\/\/yH5BAEAAAAALAAAAAABAAEAAAIBRAA7\" data-srcset=\"https:\/\/www.m2c.eu\/wp-content\/uploads\/2026\/03\/586191a5-6cc8-40a3-809d-134dfa9ad76d-300x225.jpg 300w, https:\/\/www.m2c.eu\/wp-content\/uploads\/2026\/03\/586191a5-6cc8-40a3-809d-134dfa9ad76d-1024x768.jpg 1024w, https:\/\/www.m2c.eu\/wp-content\/uploads\/2026\/03\/586191a5-6cc8-40a3-809d-134dfa9ad76d-768x576.jpg 768w, https:\/\/www.m2c.eu\/wp-content\/uploads\/2026\/03\/586191a5-6cc8-40a3-809d-134dfa9ad76d-1536x1152.jpg 1536w, https:\/\/www.m2c.eu\/wp-content\/uploads\/2026\/03\/586191a5-6cc8-40a3-809d-134dfa9ad76d.jpg 1600w\" sizes=\"auto, (max-width: 300px) 100vw, 300px\" \/><img loading=\"lazy\" decoding=\"async\" class=\"alignnone size-medium wp-image-22221\" src=\"data:image\/gif;base64,R0lGODlhAQABAIAAAAAAAP\/\/\/yH5BAEAAAAALAAAAAABAAEAAAIBRAA7\" data-src=\"https:\/\/www.m2c.eu\/wp-content\/uploads\/2026\/03\/97783bba-0385-4177-bad0-6216ad0ea38e-300x225.jpg\" alt=\"\" width=\"300\" height=\"225\" srcset=\"data:image\/gif;base64,R0lGODlhAQABAIAAAAAAAP\/\/\/yH5BAEAAAAALAAAAAABAAEAAAIBRAA7\" data-srcset=\"https:\/\/www.m2c.eu\/wp-content\/uploads\/2026\/03\/97783bba-0385-4177-bad0-6216ad0ea38e-300x225.jpg 300w, https:\/\/www.m2c.eu\/wp-content\/uploads\/2026\/03\/97783bba-0385-4177-bad0-6216ad0ea38e-1024x768.jpg 1024w, https:\/\/www.m2c.eu\/wp-content\/uploads\/2026\/03\/97783bba-0385-4177-bad0-6216ad0ea38e-768x576.jpg 768w, https:\/\/www.m2c.eu\/wp-content\/uploads\/2026\/03\/97783bba-0385-4177-bad0-6216ad0ea38e-1536x1152.jpg 1536w, https:\/\/www.m2c.eu\/wp-content\/uploads\/2026\/03\/97783bba-0385-4177-bad0-6216ad0ea38e.jpg 1600w\" sizes=\"auto, (max-width: 300px) 100vw, 300px\" \/><\/p>\n<hr data-start=\"1632\" data-end=\"1635\" \/>\n","protected":false},"excerpt":{"rendered":"<p>M2C Slovakia sa z\u00fa\u010dastnila sl\u00e1vnostn\u00e9ho odovzd\u00e1vania cien Visa Top Shop Slovensko, ktor\u00e9 oce\u0148uje najlep\u0161ie retailov\u00e9 prev\u00e1dzky na slovenskom trhu. Podujatie spojilo l\u00eddrov retailov\u00e9ho segmentu, z\u00e1stupcov obchodn\u00fdch zna\u010diek, developerov aj odborn\u00fa verejnos\u0165. Pre n\u00e1s je \u00fa\u010das\u0165 na takomto podujat\u00ed potvrden\u00edm, \u017ee retail patr\u00ed medzi na\u0161e k\u013e\u00fa\u010dov\u00e9 strategick\u00e9 segmenty. Reprezent\u00e1cia M2C Slovakia Na podujat\u00ed n\u00e1s zastupovali: Peter&#8230;<\/p>\n","protected":false},"author":24,"featured_media":22194,"comment_status":"open","ping_status":"open","sticky":false,"template":"","format":"standard","meta":{"_monsterinsights_skip_tracking":false,"_monsterinsights_sitenote_active":false,"_monsterinsights_sitenote_note":"","_monsterinsights_sitenote_category":0,"footnotes":""},"categories":[18],"tags":[],"class_list":["post-22192","post","type-post","status-publish","format-standard","has-post-thumbnail","hentry","category-uncategorized-sk"],"yoast_head":"<!-- This site is optimized with the Yoast SEO plugin v27.5 - https:\/\/yoast.com\/product\/yoast-seo-wordpress\/ -->\n<title>Oodvzd\u00e1vanie cien VISA TOP SHOP SLOVENSKO | M2C<\/title>\n<meta name=\"robots\" content=\"index, follow, max-snippet:-1, max-image-preview:large, max-video-preview:-1\" \/>\n<link rel=\"canonical\" href=\"https:\/\/www.m2c.eu\/sk\/oodvzdavanie-cien-visa-top-shop-slovensko\/\" \/>\n<meta property=\"og:locale\" content=\"sk_SK\" \/>\n<meta property=\"og:type\" content=\"article\" \/>\n<meta property=\"og:title\" content=\"Oodvzd\u00e1vanie cien VISA TOP SHOP SLOVENSKO | M2C\" \/>\n<meta property=\"og:description\" content=\"M2C Slovakia sa z\u00fa\u010dastnila sl\u00e1vnostn\u00e9ho odovzd\u00e1vania cien Visa Top Shop Slovensko, ktor\u00e9 oce\u0148uje najlep\u0161ie retailov\u00e9 prev\u00e1dzky na slovenskom trhu. Podujatie spojilo l\u00eddrov retailov\u00e9ho segmentu, z\u00e1stupcov obchodn\u00fdch zna\u010diek, developerov aj odborn\u00fa verejnos\u0165. Pre n\u00e1s je \u00fa\u010das\u0165 na takomto podujat\u00ed potvrden\u00edm, \u017ee retail patr\u00ed medzi na\u0161e k\u013e\u00fa\u010dov\u00e9 strategick\u00e9 segmenty. Reprezent\u00e1cia M2C Slovakia Na podujat\u00ed n\u00e1s zastupovali: Peter...\" \/>\n<meta property=\"og:url\" content=\"https:\/\/www.m2c.eu\/sk\/oodvzdavanie-cien-visa-top-shop-slovensko\/\" \/>\n<meta property=\"og:site_name\" content=\"M2C\" \/>\n<meta property=\"article:published_time\" content=\"2026-03-03T09:17:50+00:00\" \/>\n<meta property=\"og:image\" content=\"https:\/\/www.m2c.eu\/wp-content\/uploads\/2026\/03\/71bb1d75-59c6-4b02-afc1-fdcc8a97ca14.jpg\" \/>\n\t<meta property=\"og:image:width\" content=\"1600\" \/>\n\t<meta property=\"og:image:height\" content=\"1200\" \/>\n\t<meta property=\"og:image:type\" content=\"image\/jpeg\" \/>\n<meta name=\"author\" content=\"Tom\u00e1\u0161 Horgo\u0161\" \/>\n<meta name=\"twitter:card\" content=\"summary_large_image\" \/>\n<meta name=\"twitter:label1\" content=\"Autor\" \/>\n\t<meta name=\"twitter:data1\" content=\"Tom\u00e1\u0161 Horgo\u0161\" \/>\n\t<meta name=\"twitter:label2\" content=\"Predpokladan\u00fd \u010das \u010d\u00edtania\" \/>\n\t<meta name=\"twitter:data2\" content=\"2 min\u00faty\" \/>\n<!-- \/ Yoast SEO plugin. -->","yoast_head_json":{"title":"Oodvzd\u00e1vanie cien VISA TOP SHOP SLOVENSKO | M2C","robots":{"index":"index","follow":"follow","max-snippet":"max-snippet:-1","max-image-preview":"max-image-preview:large","max-video-preview":"max-video-preview:-1"},"canonical":"https:\/\/www.m2c.eu\/sk\/oodvzdavanie-cien-visa-top-shop-slovensko\/","og_locale":"sk_SK","og_type":"article","og_title":"Oodvzd\u00e1vanie cien VISA TOP SHOP SLOVENSKO | M2C","og_description":"M2C Slovakia sa z\u00fa\u010dastnila sl\u00e1vnostn\u00e9ho odovzd\u00e1vania cien Visa Top Shop Slovensko, ktor\u00e9 oce\u0148uje najlep\u0161ie retailov\u00e9 prev\u00e1dzky na slovenskom trhu. Podujatie spojilo l\u00eddrov retailov\u00e9ho segmentu, z\u00e1stupcov obchodn\u00fdch zna\u010diek, developerov aj odborn\u00fa verejnos\u0165. Pre n\u00e1s je \u00fa\u010das\u0165 na takomto podujat\u00ed potvrden\u00edm, \u017ee retail patr\u00ed medzi na\u0161e k\u013e\u00fa\u010dov\u00e9 strategick\u00e9 segmenty. Reprezent\u00e1cia M2C Slovakia Na podujat\u00ed n\u00e1s zastupovali: Peter...","og_url":"https:\/\/www.m2c.eu\/sk\/oodvzdavanie-cien-visa-top-shop-slovensko\/","og_site_name":"M2C","article_published_time":"2026-03-03T09:17:50+00:00","og_image":[{"width":1600,"height":1200,"url":"https:\/\/www.m2c.eu\/wp-content\/uploads\/2026\/03\/71bb1d75-59c6-4b02-afc1-fdcc8a97ca14.jpg","type":"image\/jpeg"}],"author":"Tom\u00e1\u0161 Horgo\u0161","twitter_card":"summary_large_image","twitter_misc":{"Autor":"Tom\u00e1\u0161 Horgo\u0161","Predpokladan\u00fd \u010das \u010d\u00edtania":"2 min\u00faty"},"schema":{"@context":"https:\/\/schema.org","@graph":[{"@type":"Article","@id":"https:\/\/www.m2c.eu\/sk\/oodvzdavanie-cien-visa-top-shop-slovensko\/#article","isPartOf":{"@id":"https:\/\/www.m2c.eu\/sk\/oodvzdavanie-cien-visa-top-shop-slovensko\/"},"author":{"name":"Tom\u00e1\u0161 Horgo\u0161","@id":"https:\/\/www.m2c.eu\/#\/schema\/person\/6b9f06b6375972bace155db52beabfa5"},"headline":"Oodvzd\u00e1vanie cien VISA TOP SHOP SLOVENSKO","datePublished":"2026-03-03T09:17:50+00:00","mainEntityOfPage":{"@id":"https:\/\/www.m2c.eu\/sk\/oodvzdavanie-cien-visa-top-shop-slovensko\/"},"wordCount":238,"commentCount":0,"publisher":{"@id":"https:\/\/www.m2c.eu\/#organization"},"image":{"@id":"https:\/\/www.m2c.eu\/sk\/oodvzdavanie-cien-visa-top-shop-slovensko\/#primaryimage"},"thumbnailUrl":"https:\/\/www.m2c.eu\/wp-content\/uploads\/2026\/03\/71bb1d75-59c6-4b02-afc1-fdcc8a97ca14.jpg","articleSection":["\u010co je nov\u00e9"],"inLanguage":"sk-SK","potentialAction":[{"@type":"CommentAction","name":"Comment","target":["https:\/\/www.m2c.eu\/sk\/oodvzdavanie-cien-visa-top-shop-slovensko\/#respond"]}]},{"@type":"WebPage","@id":"https:\/\/www.m2c.eu\/sk\/oodvzdavanie-cien-visa-top-shop-slovensko\/","url":"https:\/\/www.m2c.eu\/sk\/oodvzdavanie-cien-visa-top-shop-slovensko\/","name":"Oodvzd\u00e1vanie cien VISA TOP SHOP SLOVENSKO | M2C","isPartOf":{"@id":"https:\/\/www.m2c.eu\/#website"},"primaryImageOfPage":{"@id":"https:\/\/www.m2c.eu\/sk\/oodvzdavanie-cien-visa-top-shop-slovensko\/#primaryimage"},"image":{"@id":"https:\/\/www.m2c.eu\/sk\/oodvzdavanie-cien-visa-top-shop-slovensko\/#primaryimage"},"thumbnailUrl":"https:\/\/www.m2c.eu\/wp-content\/uploads\/2026\/03\/71bb1d75-59c6-4b02-afc1-fdcc8a97ca14.jpg","datePublished":"2026-03-03T09:17:50+00:00","breadcrumb":{"@id":"https:\/\/www.m2c.eu\/sk\/oodvzdavanie-cien-visa-top-shop-slovensko\/#breadcrumb"},"inLanguage":"sk-SK","potentialAction":[{"@type":"ReadAction","target":["https:\/\/www.m2c.eu\/sk\/oodvzdavanie-cien-visa-top-shop-slovensko\/"]}]},{"@type":"ImageObject","inLanguage":"sk-SK","@id":"https:\/\/www.m2c.eu\/sk\/oodvzdavanie-cien-visa-top-shop-slovensko\/#primaryimage","url":"https:\/\/www.m2c.eu\/wp-content\/uploads\/2026\/03\/71bb1d75-59c6-4b02-afc1-fdcc8a97ca14.jpg","contentUrl":"https:\/\/www.m2c.eu\/wp-content\/uploads\/2026\/03\/71bb1d75-59c6-4b02-afc1-fdcc8a97ca14.jpg","width":1600,"height":1200},{"@type":"BreadcrumbList","@id":"https:\/\/www.m2c.eu\/sk\/oodvzdavanie-cien-visa-top-shop-slovensko\/#breadcrumb","itemListElement":[{"@type":"ListItem","position":1,"name":"\u00davod","item":"https:\/\/www.m2c.eu\/sk\/"},{"@type":"ListItem","position":2,"name":"Oodvzd\u00e1vanie cien VISA TOP SHOP SLOVENSKO"}]},{"@type":"WebSite","@id":"https:\/\/www.m2c.eu\/#website","url":"https:\/\/www.m2c.eu\/","name":"M2C","description":"Kompleksowa obs\u0142uga obiekt\u00f3w komercyjnych","publisher":{"@id":"https:\/\/www.m2c.eu\/#organization"},"potentialAction":[{"@type":"SearchAction","target":{"@type":"EntryPoint","urlTemplate":"https:\/\/www.m2c.eu\/?s={search_term_string}"},"query-input":{"@type":"PropertyValueSpecification","valueRequired":true,"valueName":"search_term_string"}}],"inLanguage":"sk-SK"},{"@type":"Organization","@id":"https:\/\/www.m2c.eu\/#organization","name":"M2C","url":"https:\/\/www.m2c.eu\/","logo":{"@type":"ImageObject","inLanguage":"sk-SK","@id":"https:\/\/www.m2c.eu\/#\/schema\/logo\/image\/","url":"https:\/\/www.m2c.eu\/wp-content\/uploads\/2021\/08\/logo-m2c.svg","contentUrl":"https:\/\/www.m2c.eu\/wp-content\/uploads\/2021\/08\/logo-m2c.svg","width":141,"height":40,"caption":"M2C"},"image":{"@id":"https:\/\/www.m2c.eu\/#\/schema\/logo\/image\/"}},{"@type":"Person","@id":"https:\/\/www.m2c.eu\/#\/schema\/person\/6b9f06b6375972bace155db52beabfa5","name":"Tom\u00e1\u0161 Horgo\u0161","image":{"@type":"ImageObject","inLanguage":"sk-SK","@id":"https:\/\/secure.gravatar.com\/avatar\/0a33faeede7a9f9fd6097e7ec7b0cda2d16a287d74ed7a863310fd461b277841?s=96&d=mm&r=g","url":"https:\/\/secure.gravatar.com\/avatar\/0a33faeede7a9f9fd6097e7ec7b0cda2d16a287d74ed7a863310fd461b277841?s=96&d=mm&r=g","contentUrl":"https:\/\/secure.gravatar.com\/avatar\/0a33faeede7a9f9fd6097e7ec7b0cda2d16a287d74ed7a863310fd461b277841?s=96&d=mm&r=g","caption":"Tom\u00e1\u0161 Horgo\u0161"}}]}},"_links":{"self":[{"href":"https:\/\/www.m2c.eu\/sk\/wp-json\/wp\/v2\/posts\/22192","targetHints":{"allow":["GET"]}}],"collection":[{"href":"https:\/\/www.m2c.eu\/sk\/wp-json\/wp\/v2\/posts"}],"about":[{"href":"https:\/\/www.m2c.eu\/sk\/wp-json\/wp\/v2\/types\/post"}],"author":[{"embeddable":true,"href":"https:\/\/www.m2c.eu\/sk\/wp-json\/wp\/v2\/users\/24"}],"replies":[{"embeddable":true,"href":"https:\/\/www.m2c.eu\/sk\/wp-json\/wp\/v2\/comments?post=22192"}],"version-history":[{"count":1,"href":"https:\/\/www.m2c.eu\/sk\/wp-json\/wp\/v2\/posts\/22192\/revisions"}],"predecessor-version":[{"id":22230,"href":"https:\/\/www.m2c.eu\/sk\/wp-json\/wp\/v2\/posts\/22192\/revisions\/22230"}],"wp:featuredmedia":[{"embeddable":true,"href":"https:\/\/www.m2c.eu\/sk\/wp-json\/wp\/v2\/media\/22194"}],"wp:attachment":[{"href":"https:\/\/www.m2c.eu\/sk\/wp-json\/wp\/v2\/media?parent=22192"}],"wp:term":[{"taxonomy":"category","embeddable":true,"href":"https:\/\/www.m2c.eu\/sk\/wp-json\/wp\/v2\/categories?post=22192"},{"taxonomy":"post_tag","embeddable":true,"href":"https:\/\/www.m2c.eu\/sk\/wp-json\/wp\/v2\/tags?post=22192"}],"curies":[{"name":"wp","href":"https:\/\/api.w.org\/{rel}","templated":true}]}}