{"id":22117,"date":"2026-03-03T10:12:00","date_gmt":"2026-03-03T09:12:00","guid":{"rendered":"https:\/\/www.m2c.eu\/?p=22117"},"modified":"2026-03-03T10:12:00","modified_gmt":"2026-03-03T09:12:00","slug":"m2c-slovakia-na-super-retail-clube-retailova-komunita-v-plnej-sile","status":"publish","type":"post","link":"https:\/\/www.m2c.eu\/sk\/m2c-slovakia-na-super-retail-clube-retailova-komunita-v-plnej-sile\/","title":{"rendered":"M2C Slovakia na Super Retail Clube : Retailov\u00e1 komunita v plnej sile"},"content":{"rendered":"<p data-start=\"380\" data-end=\"553\">M2C Slovakia sa z\u00fa\u010dastnila podujatia <strong data-start=\"417\" data-end=\"438\">Super Retail Club<\/strong>, ktor\u00e9 spojilo profesion\u00e1lov z retailov\u00e9ho segmentu, developerov, asset mana\u017e\u00e9rov aj z\u00e1stupcov obchodn\u00fdch zna\u010diek.<\/p>\n<p data-start=\"555\" data-end=\"772\">Retail je pre n\u00e1s v roku 2026 jedn\u00fdm z k\u013e\u00fa\u010dov\u00fdch segmentov \u2013 a pr\u00e1ve tak\u00e9to stretnutia potvrdzuj\u00fa, \u017ee komplexn\u00e9 slu\u017eby v oblasti facility managementu, technol\u00f3gi\u00ed a fit-out rie\u0161en\u00ed maj\u00fa v tomto prostred\u00ed siln\u00e9 miesto.<\/p>\n<h2 data-start=\"774\" data-end=\"796\">\u010co sme predstavili?<\/h2>\n<p data-start=\"798\" data-end=\"877\">Po\u010das podujatia sme prezentovali na\u0161e komplexn\u00e9 rie\u0161enia pre retailov\u00e9 objekty:<\/p>\n<ul data-start=\"879\" data-end=\"1051\">\n<li data-start=\"879\" data-end=\"915\">\n<p data-start=\"881\" data-end=\"915\">Facility management a spr\u00e1va budov<\/p>\n<\/li>\n<li data-start=\"916\" data-end=\"956\">\n<p data-start=\"918\" data-end=\"956\">Technologick\u00e9 rie\u0161enia a digitaliz\u00e1ciu<\/p>\n<\/li>\n<li data-start=\"957\" data-end=\"977\">\n<p data-start=\"959\" data-end=\"977\">Fit-out realiz\u00e1cie<\/p>\n<\/li>\n<li data-start=\"978\" data-end=\"1002\">\n<p data-start=\"980\" data-end=\"1002\">Dronov\u00e9 \u010distenie fas\u00e1d<\/p>\n<\/li>\n<\/ul>\n<p data-start=\"1053\" data-end=\"1200\">Ve\u013ek\u00fd z\u00e1ujem vyvolalo najm\u00e4 na\u0161e video z dronov\u00e9ho \u010distenia, ktor\u00e9 ukazuje, ako vieme efekt\u00edvne, bezpe\u010dne a bez le\u0161enia zabezpe\u010di\u0165 \u00fadr\u017ebu objektov.<\/p>\n<h2 data-start=\"1202\" data-end=\"1235\">Retail ako strategick\u00fd segment<\/h2>\n<p data-start=\"1237\" data-end=\"1362\">Retailov\u00e1 komunita je pre n\u00e1s strategicky d\u00f4le\u017eit\u00e1. Sp\u00e1jame technol\u00f3gie, d\u00e1ta a operat\u00edvne know-how tak, aby klienti z\u00edskali:<\/p>\n<p data-start=\"1364\" data-end=\"1482\">\u2714 vy\u0161\u0161iu efektivitu<br data-start=\"1383\" data-end=\"1386\" \/>\u2714 optimalizovan\u00e9 n\u00e1klady<br data-start=\"1410\" data-end=\"1413\" \/>\u2714 modern\u00fd pr\u00edstup k spr\u00e1ve objektov<br data-start=\"1448\" data-end=\"1451\" \/>\u2714 lep\u0161iu z\u00e1kazn\u00edcku sk\u00fasenos\u0165<\/p>\n<p data-start=\"1484\" data-end=\"1599\">\u010eakujeme organiz\u00e1torom za profesion\u00e1lnu \u00farove\u0148 podujatia a v\u0161etk\u00fdm partnerom za mno\u017estvo in\u0161pirat\u00edvnych rozhovorov.<\/p>\n<p data-start=\"1601\" data-end=\"1639\">Te\u0161\u00edme sa na \u010fal\u0161ie spolo\u010dn\u00e9 projekty.<\/p>\n<p data-start=\"1601\" data-end=\"1639\"><img loading=\"lazy\" decoding=\"async\" class=\"alignnone size-medium wp-image-22173\" src=\"data:image\/gif;base64,R0lGODlhAQABAIAAAAAAAP\/\/\/yH5BAEAAAAALAAAAAABAAEAAAIBRAA7\" data-src=\"https:\/\/www.m2c.eu\/wp-content\/uploads\/2026\/03\/IMG_2455-225x300.jpg\" alt=\"\" width=\"225\" height=\"300\" srcset=\"data:image\/gif;base64,R0lGODlhAQABAIAAAAAAAP\/\/\/yH5BAEAAAAALAAAAAABAAEAAAIBRAA7\" data-srcset=\"https:\/\/www.m2c.eu\/wp-content\/uploads\/2026\/03\/IMG_2455-225x300.jpg 225w, https:\/\/www.m2c.eu\/wp-content\/uploads\/2026\/03\/IMG_2455-768x1024.jpg 768w, https:\/\/www.m2c.eu\/wp-content\/uploads\/2026\/03\/IMG_2455-1152x1536.jpg 1152w, https:\/\/www.m2c.eu\/wp-content\/uploads\/2026\/03\/IMG_2455-1536x2048.jpg 1536w, https:\/\/www.m2c.eu\/wp-content\/uploads\/2026\/03\/IMG_2455-scaled.jpg 1920w\" sizes=\"auto, (max-width: 225px) 100vw, 225px\" \/><img loading=\"lazy\" decoding=\"async\" class=\"alignnone size-medium wp-image-22182\" src=\"data:image\/gif;base64,R0lGODlhAQABAIAAAAAAAP\/\/\/yH5BAEAAAAALAAAAAABAAEAAAIBRAA7\" data-src=\"https:\/\/www.m2c.eu\/wp-content\/uploads\/2026\/03\/IMG_2468-300x225.jpg\" alt=\"\" width=\"300\" height=\"225\" srcset=\"data:image\/gif;base64,R0lGODlhAQABAIAAAAAAAP\/\/\/yH5BAEAAAAALAAAAAABAAEAAAIBRAA7\" data-srcset=\"https:\/\/www.m2c.eu\/wp-content\/uploads\/2026\/03\/IMG_2468-300x225.jpg 300w, https:\/\/www.m2c.eu\/wp-content\/uploads\/2026\/03\/IMG_2468-1024x768.jpg 1024w, https:\/\/www.m2c.eu\/wp-content\/uploads\/2026\/03\/IMG_2468-768x576.jpg 768w, https:\/\/www.m2c.eu\/wp-content\/uploads\/2026\/03\/IMG_2468-1536x1152.jpg 1536w, https:\/\/www.m2c.eu\/wp-content\/uploads\/2026\/03\/IMG_2468-2048x1536.jpg 2048w\" sizes=\"auto, (max-width: 300px) 100vw, 300px\" \/><\/p>\n","protected":false},"excerpt":{"rendered":"<p>M2C Slovakia sa z\u00fa\u010dastnila podujatia Super Retail Club, ktor\u00e9 spojilo profesion\u00e1lov z retailov\u00e9ho segmentu, developerov, asset mana\u017e\u00e9rov aj z\u00e1stupcov obchodn\u00fdch zna\u010diek. Retail je pre n\u00e1s v roku 2026 jedn\u00fdm z k\u013e\u00fa\u010dov\u00fdch segmentov \u2013 a pr\u00e1ve tak\u00e9to stretnutia potvrdzuj\u00fa, \u017ee komplexn\u00e9 slu\u017eby v oblasti facility managementu, technol\u00f3gi\u00ed a fit-out rie\u0161en\u00ed maj\u00fa v tomto prostred\u00ed siln\u00e9 miesto&#8230;.<\/p>\n","protected":false},"author":24,"featured_media":22164,"comment_status":"open","ping_status":"open","sticky":false,"template":"","format":"standard","meta":{"_monsterinsights_skip_tracking":false,"_monsterinsights_sitenote_active":false,"_monsterinsights_sitenote_note":"","_monsterinsights_sitenote_category":0,"footnotes":""},"categories":[18],"tags":[],"class_list":["post-22117","post","type-post","status-publish","format-standard","has-post-thumbnail","hentry","category-uncategorized-sk"],"yoast_head":"<!-- This site is optimized with the Yoast SEO plugin v27.5 - https:\/\/yoast.com\/product\/yoast-seo-wordpress\/ -->\n<title>M2C Slovakia na Super Retail Clube : Retailov\u00e1 komunita v plnej sile | M2C<\/title>\n<meta name=\"robots\" content=\"index, follow, max-snippet:-1, max-image-preview:large, max-video-preview:-1\" \/>\n<link rel=\"canonical\" href=\"https:\/\/www.m2c.eu\/sk\/m2c-slovakia-na-super-retail-clube-retailova-komunita-v-plnej-sile\/\" \/>\n<meta property=\"og:locale\" content=\"sk_SK\" \/>\n<meta property=\"og:type\" content=\"article\" \/>\n<meta property=\"og:title\" content=\"M2C Slovakia na Super Retail Clube : Retailov\u00e1 komunita v plnej sile | M2C\" \/>\n<meta property=\"og:description\" content=\"M2C Slovakia sa z\u00fa\u010dastnila podujatia Super Retail Club, ktor\u00e9 spojilo profesion\u00e1lov z retailov\u00e9ho segmentu, developerov, asset mana\u017e\u00e9rov aj z\u00e1stupcov obchodn\u00fdch zna\u010diek. Retail je pre n\u00e1s v roku 2026 jedn\u00fdm z k\u013e\u00fa\u010dov\u00fdch segmentov \u2013 a pr\u00e1ve tak\u00e9to stretnutia potvrdzuj\u00fa, \u017ee komplexn\u00e9 slu\u017eby v oblasti facility managementu, technol\u00f3gi\u00ed a fit-out rie\u0161en\u00ed maj\u00fa v tomto prostred\u00ed siln\u00e9 miesto....\" \/>\n<meta property=\"og:url\" content=\"https:\/\/www.m2c.eu\/sk\/m2c-slovakia-na-super-retail-clube-retailova-komunita-v-plnej-sile\/\" \/>\n<meta property=\"og:site_name\" content=\"M2C\" \/>\n<meta property=\"article:published_time\" content=\"2026-03-03T09:12:00+00:00\" \/>\n<meta property=\"og:image\" content=\"https:\/\/www.m2c.eu\/wp-content\/uploads\/2026\/03\/IMG_2463-scaled.jpg\" \/>\n\t<meta property=\"og:image:width\" content=\"1920\" \/>\n\t<meta property=\"og:image:height\" content=\"2560\" \/>\n\t<meta property=\"og:image:type\" content=\"image\/jpeg\" \/>\n<meta name=\"author\" content=\"Tom\u00e1\u0161 Horgo\u0161\" \/>\n<meta name=\"twitter:card\" content=\"summary_large_image\" \/>\n<meta name=\"twitter:label1\" content=\"Autor\" \/>\n\t<meta name=\"twitter:data1\" content=\"Tom\u00e1\u0161 Horgo\u0161\" \/>\n\t<meta name=\"twitter:label2\" content=\"Predpokladan\u00fd \u010das \u010d\u00edtania\" \/>\n\t<meta name=\"twitter:data2\" content=\"2 min\u00faty\" \/>\n<!-- \/ Yoast SEO plugin. -->","yoast_head_json":{"title":"M2C Slovakia na Super Retail Clube : Retailov\u00e1 komunita v plnej sile | M2C","robots":{"index":"index","follow":"follow","max-snippet":"max-snippet:-1","max-image-preview":"max-image-preview:large","max-video-preview":"max-video-preview:-1"},"canonical":"https:\/\/www.m2c.eu\/sk\/m2c-slovakia-na-super-retail-clube-retailova-komunita-v-plnej-sile\/","og_locale":"sk_SK","og_type":"article","og_title":"M2C Slovakia na Super Retail Clube : Retailov\u00e1 komunita v plnej sile | M2C","og_description":"M2C Slovakia sa z\u00fa\u010dastnila podujatia Super Retail Club, ktor\u00e9 spojilo profesion\u00e1lov z retailov\u00e9ho segmentu, developerov, asset mana\u017e\u00e9rov aj z\u00e1stupcov obchodn\u00fdch zna\u010diek. Retail je pre n\u00e1s v roku 2026 jedn\u00fdm z k\u013e\u00fa\u010dov\u00fdch segmentov \u2013 a pr\u00e1ve tak\u00e9to stretnutia potvrdzuj\u00fa, \u017ee komplexn\u00e9 slu\u017eby v oblasti facility managementu, technol\u00f3gi\u00ed a fit-out rie\u0161en\u00ed maj\u00fa v tomto prostred\u00ed siln\u00e9 miesto....","og_url":"https:\/\/www.m2c.eu\/sk\/m2c-slovakia-na-super-retail-clube-retailova-komunita-v-plnej-sile\/","og_site_name":"M2C","article_published_time":"2026-03-03T09:12:00+00:00","og_image":[{"width":1920,"height":2560,"url":"https:\/\/www.m2c.eu\/wp-content\/uploads\/2026\/03\/IMG_2463-scaled.jpg","type":"image\/jpeg"}],"author":"Tom\u00e1\u0161 Horgo\u0161","twitter_card":"summary_large_image","twitter_misc":{"Autor":"Tom\u00e1\u0161 Horgo\u0161","Predpokladan\u00fd \u010das \u010d\u00edtania":"2 min\u00faty"},"schema":{"@context":"https:\/\/schema.org","@graph":[{"@type":"Article","@id":"https:\/\/www.m2c.eu\/sk\/m2c-slovakia-na-super-retail-clube-retailova-komunita-v-plnej-sile\/#article","isPartOf":{"@id":"https:\/\/www.m2c.eu\/sk\/m2c-slovakia-na-super-retail-clube-retailova-komunita-v-plnej-sile\/"},"author":{"name":"Tom\u00e1\u0161 Horgo\u0161","@id":"https:\/\/www.m2c.eu\/#\/schema\/person\/6b9f06b6375972bace155db52beabfa5"},"headline":"M2C Slovakia na Super Retail Clube : Retailov\u00e1 komunita v plnej sile","datePublished":"2026-03-03T09:12:00+00:00","mainEntityOfPage":{"@id":"https:\/\/www.m2c.eu\/sk\/m2c-slovakia-na-super-retail-clube-retailova-komunita-v-plnej-sile\/"},"wordCount":225,"commentCount":0,"publisher":{"@id":"https:\/\/www.m2c.eu\/#organization"},"image":{"@id":"https:\/\/www.m2c.eu\/sk\/m2c-slovakia-na-super-retail-clube-retailova-komunita-v-plnej-sile\/#primaryimage"},"thumbnailUrl":"https:\/\/www.m2c.eu\/wp-content\/uploads\/2026\/03\/IMG_2463-scaled.jpg","articleSection":["\u010co je nov\u00e9"],"inLanguage":"sk-SK","potentialAction":[{"@type":"CommentAction","name":"Comment","target":["https:\/\/www.m2c.eu\/sk\/m2c-slovakia-na-super-retail-clube-retailova-komunita-v-plnej-sile\/#respond"]}]},{"@type":"WebPage","@id":"https:\/\/www.m2c.eu\/sk\/m2c-slovakia-na-super-retail-clube-retailova-komunita-v-plnej-sile\/","url":"https:\/\/www.m2c.eu\/sk\/m2c-slovakia-na-super-retail-clube-retailova-komunita-v-plnej-sile\/","name":"M2C Slovakia na Super Retail Clube : Retailov\u00e1 komunita v plnej sile | M2C","isPartOf":{"@id":"https:\/\/www.m2c.eu\/#website"},"primaryImageOfPage":{"@id":"https:\/\/www.m2c.eu\/sk\/m2c-slovakia-na-super-retail-clube-retailova-komunita-v-plnej-sile\/#primaryimage"},"image":{"@id":"https:\/\/www.m2c.eu\/sk\/m2c-slovakia-na-super-retail-clube-retailova-komunita-v-plnej-sile\/#primaryimage"},"thumbnailUrl":"https:\/\/www.m2c.eu\/wp-content\/uploads\/2026\/03\/IMG_2463-scaled.jpg","datePublished":"2026-03-03T09:12:00+00:00","breadcrumb":{"@id":"https:\/\/www.m2c.eu\/sk\/m2c-slovakia-na-super-retail-clube-retailova-komunita-v-plnej-sile\/#breadcrumb"},"inLanguage":"sk-SK","potentialAction":[{"@type":"ReadAction","target":["https:\/\/www.m2c.eu\/sk\/m2c-slovakia-na-super-retail-clube-retailova-komunita-v-plnej-sile\/"]}]},{"@type":"ImageObject","inLanguage":"sk-SK","@id":"https:\/\/www.m2c.eu\/sk\/m2c-slovakia-na-super-retail-clube-retailova-komunita-v-plnej-sile\/#primaryimage","url":"https:\/\/www.m2c.eu\/wp-content\/uploads\/2026\/03\/IMG_2463-scaled.jpg","contentUrl":"https:\/\/www.m2c.eu\/wp-content\/uploads\/2026\/03\/IMG_2463-scaled.jpg","width":1920,"height":2560},{"@type":"BreadcrumbList","@id":"https:\/\/www.m2c.eu\/sk\/m2c-slovakia-na-super-retail-clube-retailova-komunita-v-plnej-sile\/#breadcrumb","itemListElement":[{"@type":"ListItem","position":1,"name":"\u00davod","item":"https:\/\/www.m2c.eu\/sk\/"},{"@type":"ListItem","position":2,"name":"M2C Slovakia na Super Retail Clube : Retailov\u00e1 komunita v plnej sile"}]},{"@type":"WebSite","@id":"https:\/\/www.m2c.eu\/#website","url":"https:\/\/www.m2c.eu\/","name":"M2C","description":"Kompleksowa obs\u0142uga obiekt\u00f3w komercyjnych","publisher":{"@id":"https:\/\/www.m2c.eu\/#organization"},"potentialAction":[{"@type":"SearchAction","target":{"@type":"EntryPoint","urlTemplate":"https:\/\/www.m2c.eu\/?s={search_term_string}"},"query-input":{"@type":"PropertyValueSpecification","valueRequired":true,"valueName":"search_term_string"}}],"inLanguage":"sk-SK"},{"@type":"Organization","@id":"https:\/\/www.m2c.eu\/#organization","name":"M2C","url":"https:\/\/www.m2c.eu\/","logo":{"@type":"ImageObject","inLanguage":"sk-SK","@id":"https:\/\/www.m2c.eu\/#\/schema\/logo\/image\/","url":"https:\/\/www.m2c.eu\/wp-content\/uploads\/2021\/08\/logo-m2c.svg","contentUrl":"https:\/\/www.m2c.eu\/wp-content\/uploads\/2021\/08\/logo-m2c.svg","width":141,"height":40,"caption":"M2C"},"image":{"@id":"https:\/\/www.m2c.eu\/#\/schema\/logo\/image\/"}},{"@type":"Person","@id":"https:\/\/www.m2c.eu\/#\/schema\/person\/6b9f06b6375972bace155db52beabfa5","name":"Tom\u00e1\u0161 Horgo\u0161","image":{"@type":"ImageObject","inLanguage":"sk-SK","@id":"https:\/\/secure.gravatar.com\/avatar\/0a33faeede7a9f9fd6097e7ec7b0cda2d16a287d74ed7a863310fd461b277841?s=96&d=mm&r=g","url":"https:\/\/secure.gravatar.com\/avatar\/0a33faeede7a9f9fd6097e7ec7b0cda2d16a287d74ed7a863310fd461b277841?s=96&d=mm&r=g","contentUrl":"https:\/\/secure.gravatar.com\/avatar\/0a33faeede7a9f9fd6097e7ec7b0cda2d16a287d74ed7a863310fd461b277841?s=96&d=mm&r=g","caption":"Tom\u00e1\u0161 Horgo\u0161"}}]}},"_links":{"self":[{"href":"https:\/\/www.m2c.eu\/sk\/wp-json\/wp\/v2\/posts\/22117","targetHints":{"allow":["GET"]}}],"collection":[{"href":"https:\/\/www.m2c.eu\/sk\/wp-json\/wp\/v2\/posts"}],"about":[{"href":"https:\/\/www.m2c.eu\/sk\/wp-json\/wp\/v2\/types\/post"}],"author":[{"embeddable":true,"href":"https:\/\/www.m2c.eu\/sk\/wp-json\/wp\/v2\/users\/24"}],"replies":[{"embeddable":true,"href":"https:\/\/www.m2c.eu\/sk\/wp-json\/wp\/v2\/comments?post=22117"}],"version-history":[{"count":1,"href":"https:\/\/www.m2c.eu\/sk\/wp-json\/wp\/v2\/posts\/22117\/revisions"}],"predecessor-version":[{"id":22191,"href":"https:\/\/www.m2c.eu\/sk\/wp-json\/wp\/v2\/posts\/22117\/revisions\/22191"}],"wp:featuredmedia":[{"embeddable":true,"href":"https:\/\/www.m2c.eu\/sk\/wp-json\/wp\/v2\/media\/22164"}],"wp:attachment":[{"href":"https:\/\/www.m2c.eu\/sk\/wp-json\/wp\/v2\/media?parent=22117"}],"wp:term":[{"taxonomy":"category","embeddable":true,"href":"https:\/\/www.m2c.eu\/sk\/wp-json\/wp\/v2\/categories?post=22117"},{"taxonomy":"post_tag","embeddable":true,"href":"https:\/\/www.m2c.eu\/sk\/wp-json\/wp\/v2\/tags?post=22117"}],"curies":[{"name":"wp","href":"https:\/\/api.w.org\/{rel}","templated":true}]}}