{"id":19232,"date":"2025-06-16T13:33:13","date_gmt":"2025-06-16T11:33:13","guid":{"rendered":"https:\/\/www.m2c.eu\/?p=19232"},"modified":"2025-06-16T13:33:13","modified_gmt":"2025-06-16T11:33:13","slug":"ludia-su-zaklad-biznisu-m2c-slovakia-na-konferencii-sario","status":"publish","type":"post","link":"https:\/\/www.m2c.eu\/sk\/ludia-su-zaklad-biznisu-m2c-slovakia-na-konferencii-sario\/","title":{"rendered":"\u013dudia s\u00fa z\u00e1klad biznisu \u2013 M2C Slovakia na konferencii SARIO"},"content":{"rendered":"<p data-start=\"112\" data-end=\"188\"><span class=\"relative -mx-px my-[-0.2rem] rounded px-px py-[0.2rem] transition-colors duration-100 ease-in-out\">Na ned\u00e1vnej konferencii <strong data-start=\"24\" data-end=\"96\">organizovanej Slovak Investment and Trade Development Agency (SARIO)<\/strong> sme op\u00e4\u0165 potvrdili, \u017ee za ka\u017ed\u00fdm \u00faspe\u0161n\u00fdm projektom stoja \u013eudia. Na\u0161u spolo\u010dnos\u0165 <strong data-start=\"178\" data-end=\"194\">M2C Slovakia<\/strong> reprezentovali experti <strong data-start=\"218\" data-end=\"236\">Lucia Cardenas<\/strong> a <strong data-start=\"239\" data-end=\"254\">Rene Mravik<\/strong>, ktor\u00ed pri\u0161li nielen po\u010d\u00fava\u0165, ale najm\u00e4 prep\u00e1ja\u0165, in\u0161pirova\u0165 a h\u013eada\u0165 nov\u00e9 pr\u00edle\u017eitosti.<\/span><\/p>\n<p data-start=\"190\" data-end=\"367\"><span class=\"relative -mx-px my-[-0.2rem] rounded px-px py-[0.2rem] transition-colors duration-100 ease-in-out\">Lucia sa v\u00fdborne stretla s Petrom Angerom, zakladate\u013eom priemyseln\u00e9ho parku v Kostoln\u00fdch Kra\u010danoch \u2013 osobnos\u0165ou, ktor\u00e1 svojou pr\u00e1cou ukazuje, \u017ee aj na Slovensku dok\u00e1\u017eeme budova\u0165 priemyseln\u00fd priestor s eur\u00f3pskou \u00farov\u0148ou.<\/span>\u00a0Tieto diskusie neboli len form\u00e1lne \u2013 stali sa re\u00e1lnym z\u00e1kladom bud\u00facich partnerstiev a pr\u00edle\u017eitost\u00ed.<\/p>\n<p data-start=\"369\" data-end=\"585\">Ver\u00edme, \u017ee d\u00f4vera, ktor\u00fa budujeme na tak\u00fdchto podujatiach, je k\u013e\u00fa\u010dov\u00e1 pre kvalitn\u00e9 B2B vz\u0165ahy. Ka\u017ed\u00fd kontakt je \u0161ancou uk\u00e1za\u0165 n\u00e1\u0161 potenci\u00e1l a vysvetli\u0165, pre\u010do pr\u00e1ve my poskytujeme spo\u013eahliv\u00e9 a na mieru \u0161it\u00e9 rie\u0161enia.<\/p>\n<p data-start=\"587\" data-end=\"756\"><strong data-start=\"587\" data-end=\"756\">\u010eakujeme SARIO za skvel\u00fa organiz\u00e1ciu a v\u0161etk\u00fdm z\u00fa\u010dastnen\u00fdm za in\u0161pirat\u00edvne rozhovory. Te\u0161\u00edme sa na v\u00fdsledky z tohto v\u00fdznamn\u00e9ho stretnutia a bud\u00face spolo\u010dn\u00e9 projekty!<\/strong><\/p>\n<p data-start=\"587\" data-end=\"756\"><img loading=\"lazy\" decoding=\"async\" class=\"alignnone size-medium wp-image-19242\" src=\"data:image\/gif;base64,R0lGODlhAQABAIAAAAAAAP\/\/\/yH5BAEAAAAALAAAAAABAAEAAAIBRAA7\" data-src=\"https:\/\/www.m2c.eu\/wp-content\/uploads\/2025\/06\/1749566217343-300x225.jpeg\" alt=\"\" width=\"300\" height=\"225\" srcset=\"data:image\/gif;base64,R0lGODlhAQABAIAAAAAAAP\/\/\/yH5BAEAAAAALAAAAAABAAEAAAIBRAA7\" data-srcset=\"https:\/\/www.m2c.eu\/wp-content\/uploads\/2025\/06\/1749566217343-300x225.jpeg 300w, https:\/\/www.m2c.eu\/wp-content\/uploads\/2025\/06\/1749566217343-1024x768.jpeg 1024w, https:\/\/www.m2c.eu\/wp-content\/uploads\/2025\/06\/1749566217343-768x576.jpeg 768w, https:\/\/www.m2c.eu\/wp-content\/uploads\/2025\/06\/1749566217343-1536x1152.jpeg 1536w, https:\/\/www.m2c.eu\/wp-content\/uploads\/2025\/06\/1749566217343.jpeg 1600w\" sizes=\"auto, (max-width: 300px) 100vw, 300px\" \/><\/p>\n","protected":false},"excerpt":{"rendered":"<p>Na ned\u00e1vnej konferencii organizovanej Slovak Investment and Trade Development Agency (SARIO) sme op\u00e4\u0165 potvrdili, \u017ee za ka\u017ed\u00fdm \u00faspe\u0161n\u00fdm projektom stoja \u013eudia. Na\u0161u spolo\u010dnos\u0165 M2C Slovakia reprezentovali experti Lucia Cardenas a Rene Mravik, ktor\u00ed pri\u0161li nielen po\u010d\u00fava\u0165, ale najm\u00e4 prep\u00e1ja\u0165, in\u0161pirova\u0165 a h\u013eada\u0165 nov\u00e9 pr\u00edle\u017eitosti. Lucia sa v\u00fdborne stretla s Petrom Angerom, zakladate\u013eom priemyseln\u00e9ho parku v&#8230;<\/p>\n","protected":false},"author":24,"featured_media":19233,"comment_status":"open","ping_status":"open","sticky":false,"template":"","format":"standard","meta":{"_monsterinsights_skip_tracking":false,"_monsterinsights_sitenote_active":false,"_monsterinsights_sitenote_note":"","_monsterinsights_sitenote_category":0,"footnotes":""},"categories":[18],"tags":[],"class_list":["post-19232","post","type-post","status-publish","format-standard","has-post-thumbnail","hentry","category-uncategorized-sk"],"yoast_head":"<!-- This site is optimized with the Yoast SEO plugin v27.5 - https:\/\/yoast.com\/product\/yoast-seo-wordpress\/ -->\n<title>\u013dudia s\u00fa z\u00e1klad biznisu \u2013 M2C Slovakia na konferencii SARIO | M2C<\/title>\n<meta name=\"robots\" content=\"index, follow, max-snippet:-1, max-image-preview:large, max-video-preview:-1\" \/>\n<link rel=\"canonical\" href=\"https:\/\/www.m2c.eu\/sk\/ludia-su-zaklad-biznisu-m2c-slovakia-na-konferencii-sario\/\" \/>\n<meta property=\"og:locale\" content=\"sk_SK\" \/>\n<meta property=\"og:type\" content=\"article\" \/>\n<meta property=\"og:title\" content=\"\u013dudia s\u00fa z\u00e1klad biznisu \u2013 M2C Slovakia na konferencii SARIO | M2C\" \/>\n<meta property=\"og:description\" content=\"Na ned\u00e1vnej konferencii organizovanej Slovak Investment and Trade Development Agency (SARIO) sme op\u00e4\u0165 potvrdili, \u017ee za ka\u017ed\u00fdm \u00faspe\u0161n\u00fdm projektom stoja \u013eudia. Na\u0161u spolo\u010dnos\u0165 M2C Slovakia reprezentovali experti Lucia Cardenas a Rene Mravik, ktor\u00ed pri\u0161li nielen po\u010d\u00fava\u0165, ale najm\u00e4 prep\u00e1ja\u0165, in\u0161pirova\u0165 a h\u013eada\u0165 nov\u00e9 pr\u00edle\u017eitosti. Lucia sa v\u00fdborne stretla s Petrom Angerom, zakladate\u013eom priemyseln\u00e9ho parku v...\" \/>\n<meta property=\"og:url\" content=\"https:\/\/www.m2c.eu\/sk\/ludia-su-zaklad-biznisu-m2c-slovakia-na-konferencii-sario\/\" \/>\n<meta property=\"og:site_name\" content=\"M2C\" \/>\n<meta property=\"article:published_time\" content=\"2025-06-16T11:33:13+00:00\" \/>\n<meta property=\"og:image\" content=\"https:\/\/www.m2c.eu\/wp-content\/uploads\/2025\/06\/1749566218375.jpeg\" \/>\n\t<meta property=\"og:image:width\" content=\"2000\" \/>\n\t<meta property=\"og:image:height\" content=\"1500\" \/>\n\t<meta property=\"og:image:type\" content=\"image\/jpeg\" \/>\n<meta name=\"author\" content=\"Tom\u00e1\u0161 Horgo\u0161\" \/>\n<meta name=\"twitter:card\" content=\"summary_large_image\" \/>\n<meta name=\"twitter:label1\" content=\"Autor\" \/>\n\t<meta name=\"twitter:data1\" content=\"Tom\u00e1\u0161 Horgo\u0161\" \/>\n\t<meta name=\"twitter:label2\" content=\"Predpokladan\u00fd \u010das \u010d\u00edtania\" \/>\n\t<meta name=\"twitter:data2\" content=\"1 min\u00fata\" \/>\n<!-- \/ Yoast SEO plugin. -->","yoast_head_json":{"title":"\u013dudia s\u00fa z\u00e1klad biznisu \u2013 M2C Slovakia na konferencii SARIO | M2C","robots":{"index":"index","follow":"follow","max-snippet":"max-snippet:-1","max-image-preview":"max-image-preview:large","max-video-preview":"max-video-preview:-1"},"canonical":"https:\/\/www.m2c.eu\/sk\/ludia-su-zaklad-biznisu-m2c-slovakia-na-konferencii-sario\/","og_locale":"sk_SK","og_type":"article","og_title":"\u013dudia s\u00fa z\u00e1klad biznisu \u2013 M2C Slovakia na konferencii SARIO | M2C","og_description":"Na ned\u00e1vnej konferencii organizovanej Slovak Investment and Trade Development Agency (SARIO) sme op\u00e4\u0165 potvrdili, \u017ee za ka\u017ed\u00fdm \u00faspe\u0161n\u00fdm projektom stoja \u013eudia. Na\u0161u spolo\u010dnos\u0165 M2C Slovakia reprezentovali experti Lucia Cardenas a Rene Mravik, ktor\u00ed pri\u0161li nielen po\u010d\u00fava\u0165, ale najm\u00e4 prep\u00e1ja\u0165, in\u0161pirova\u0165 a h\u013eada\u0165 nov\u00e9 pr\u00edle\u017eitosti. Lucia sa v\u00fdborne stretla s Petrom Angerom, zakladate\u013eom priemyseln\u00e9ho parku v...","og_url":"https:\/\/www.m2c.eu\/sk\/ludia-su-zaklad-biznisu-m2c-slovakia-na-konferencii-sario\/","og_site_name":"M2C","article_published_time":"2025-06-16T11:33:13+00:00","og_image":[{"width":2000,"height":1500,"url":"https:\/\/www.m2c.eu\/wp-content\/uploads\/2025\/06\/1749566218375.jpeg","type":"image\/jpeg"}],"author":"Tom\u00e1\u0161 Horgo\u0161","twitter_card":"summary_large_image","twitter_misc":{"Autor":"Tom\u00e1\u0161 Horgo\u0161","Predpokladan\u00fd \u010das \u010d\u00edtania":"1 min\u00fata"},"schema":{"@context":"https:\/\/schema.org","@graph":[{"@type":"Article","@id":"https:\/\/www.m2c.eu\/sk\/ludia-su-zaklad-biznisu-m2c-slovakia-na-konferencii-sario\/#article","isPartOf":{"@id":"https:\/\/www.m2c.eu\/sk\/ludia-su-zaklad-biznisu-m2c-slovakia-na-konferencii-sario\/"},"author":{"name":"Tom\u00e1\u0161 Horgo\u0161","@id":"https:\/\/www.m2c.eu\/#\/schema\/person\/6b9f06b6375972bace155db52beabfa5"},"headline":"\u013dudia s\u00fa z\u00e1klad biznisu \u2013 M2C Slovakia na konferencii SARIO","datePublished":"2025-06-16T11:33:13+00:00","mainEntityOfPage":{"@id":"https:\/\/www.m2c.eu\/sk\/ludia-su-zaklad-biznisu-m2c-slovakia-na-konferencii-sario\/"},"wordCount":210,"commentCount":0,"publisher":{"@id":"https:\/\/www.m2c.eu\/#organization"},"image":{"@id":"https:\/\/www.m2c.eu\/sk\/ludia-su-zaklad-biznisu-m2c-slovakia-na-konferencii-sario\/#primaryimage"},"thumbnailUrl":"https:\/\/www.m2c.eu\/wp-content\/uploads\/2025\/06\/1749566218375.jpeg","articleSection":["\u010co je nov\u00e9"],"inLanguage":"sk-SK","potentialAction":[{"@type":"CommentAction","name":"Comment","target":["https:\/\/www.m2c.eu\/sk\/ludia-su-zaklad-biznisu-m2c-slovakia-na-konferencii-sario\/#respond"]}]},{"@type":"WebPage","@id":"https:\/\/www.m2c.eu\/sk\/ludia-su-zaklad-biznisu-m2c-slovakia-na-konferencii-sario\/","url":"https:\/\/www.m2c.eu\/sk\/ludia-su-zaklad-biznisu-m2c-slovakia-na-konferencii-sario\/","name":"\u013dudia s\u00fa z\u00e1klad biznisu \u2013 M2C Slovakia na konferencii SARIO | M2C","isPartOf":{"@id":"https:\/\/www.m2c.eu\/#website"},"primaryImageOfPage":{"@id":"https:\/\/www.m2c.eu\/sk\/ludia-su-zaklad-biznisu-m2c-slovakia-na-konferencii-sario\/#primaryimage"},"image":{"@id":"https:\/\/www.m2c.eu\/sk\/ludia-su-zaklad-biznisu-m2c-slovakia-na-konferencii-sario\/#primaryimage"},"thumbnailUrl":"https:\/\/www.m2c.eu\/wp-content\/uploads\/2025\/06\/1749566218375.jpeg","datePublished":"2025-06-16T11:33:13+00:00","breadcrumb":{"@id":"https:\/\/www.m2c.eu\/sk\/ludia-su-zaklad-biznisu-m2c-slovakia-na-konferencii-sario\/#breadcrumb"},"inLanguage":"sk-SK","potentialAction":[{"@type":"ReadAction","target":["https:\/\/www.m2c.eu\/sk\/ludia-su-zaklad-biznisu-m2c-slovakia-na-konferencii-sario\/"]}]},{"@type":"ImageObject","inLanguage":"sk-SK","@id":"https:\/\/www.m2c.eu\/sk\/ludia-su-zaklad-biznisu-m2c-slovakia-na-konferencii-sario\/#primaryimage","url":"https:\/\/www.m2c.eu\/wp-content\/uploads\/2025\/06\/1749566218375.jpeg","contentUrl":"https:\/\/www.m2c.eu\/wp-content\/uploads\/2025\/06\/1749566218375.jpeg","width":2000,"height":1500},{"@type":"BreadcrumbList","@id":"https:\/\/www.m2c.eu\/sk\/ludia-su-zaklad-biznisu-m2c-slovakia-na-konferencii-sario\/#breadcrumb","itemListElement":[{"@type":"ListItem","position":1,"name":"\u00davod","item":"https:\/\/www.m2c.eu\/sk\/"},{"@type":"ListItem","position":2,"name":"\u013dudia s\u00fa z\u00e1klad biznisu \u2013 M2C Slovakia na konferencii SARIO"}]},{"@type":"WebSite","@id":"https:\/\/www.m2c.eu\/#website","url":"https:\/\/www.m2c.eu\/","name":"M2C","description":"Kompleksowa obs\u0142uga obiekt\u00f3w komercyjnych","publisher":{"@id":"https:\/\/www.m2c.eu\/#organization"},"potentialAction":[{"@type":"SearchAction","target":{"@type":"EntryPoint","urlTemplate":"https:\/\/www.m2c.eu\/?s={search_term_string}"},"query-input":{"@type":"PropertyValueSpecification","valueRequired":true,"valueName":"search_term_string"}}],"inLanguage":"sk-SK"},{"@type":"Organization","@id":"https:\/\/www.m2c.eu\/#organization","name":"M2C","url":"https:\/\/www.m2c.eu\/","logo":{"@type":"ImageObject","inLanguage":"sk-SK","@id":"https:\/\/www.m2c.eu\/#\/schema\/logo\/image\/","url":"https:\/\/www.m2c.eu\/wp-content\/uploads\/2021\/08\/logo-m2c.svg","contentUrl":"https:\/\/www.m2c.eu\/wp-content\/uploads\/2021\/08\/logo-m2c.svg","width":141,"height":40,"caption":"M2C"},"image":{"@id":"https:\/\/www.m2c.eu\/#\/schema\/logo\/image\/"}},{"@type":"Person","@id":"https:\/\/www.m2c.eu\/#\/schema\/person\/6b9f06b6375972bace155db52beabfa5","name":"Tom\u00e1\u0161 Horgo\u0161","image":{"@type":"ImageObject","inLanguage":"sk-SK","@id":"https:\/\/secure.gravatar.com\/avatar\/0a33faeede7a9f9fd6097e7ec7b0cda2d16a287d74ed7a863310fd461b277841?s=96&d=mm&r=g","url":"https:\/\/secure.gravatar.com\/avatar\/0a33faeede7a9f9fd6097e7ec7b0cda2d16a287d74ed7a863310fd461b277841?s=96&d=mm&r=g","contentUrl":"https:\/\/secure.gravatar.com\/avatar\/0a33faeede7a9f9fd6097e7ec7b0cda2d16a287d74ed7a863310fd461b277841?s=96&d=mm&r=g","caption":"Tom\u00e1\u0161 Horgo\u0161"}}]}},"_links":{"self":[{"href":"https:\/\/www.m2c.eu\/sk\/wp-json\/wp\/v2\/posts\/19232","targetHints":{"allow":["GET"]}}],"collection":[{"href":"https:\/\/www.m2c.eu\/sk\/wp-json\/wp\/v2\/posts"}],"about":[{"href":"https:\/\/www.m2c.eu\/sk\/wp-json\/wp\/v2\/types\/post"}],"author":[{"embeddable":true,"href":"https:\/\/www.m2c.eu\/sk\/wp-json\/wp\/v2\/users\/24"}],"replies":[{"embeddable":true,"href":"https:\/\/www.m2c.eu\/sk\/wp-json\/wp\/v2\/comments?post=19232"}],"version-history":[{"count":1,"href":"https:\/\/www.m2c.eu\/sk\/wp-json\/wp\/v2\/posts\/19232\/revisions"}],"predecessor-version":[{"id":19251,"href":"https:\/\/www.m2c.eu\/sk\/wp-json\/wp\/v2\/posts\/19232\/revisions\/19251"}],"wp:featuredmedia":[{"embeddable":true,"href":"https:\/\/www.m2c.eu\/sk\/wp-json\/wp\/v2\/media\/19233"}],"wp:attachment":[{"href":"https:\/\/www.m2c.eu\/sk\/wp-json\/wp\/v2\/media?parent=19232"}],"wp:term":[{"taxonomy":"category","embeddable":true,"href":"https:\/\/www.m2c.eu\/sk\/wp-json\/wp\/v2\/categories?post=19232"},{"taxonomy":"post_tag","embeddable":true,"href":"https:\/\/www.m2c.eu\/sk\/wp-json\/wp\/v2\/tags?post=19232"}],"curies":[{"name":"wp","href":"https:\/\/api.w.org\/{rel}","templated":true}]}}