{"id":19203,"date":"2025-06-16T13:30:23","date_gmt":"2025-06-16T11:30:23","guid":{"rendered":"https:\/\/www.m2c.eu\/?p=19203"},"modified":"2025-06-16T13:30:23","modified_gmt":"2025-06-16T11:30:23","slug":"m2c-slovakia-na-sapi-energy-conference-2025","status":"publish","type":"post","link":"https:\/\/www.m2c.eu\/sk\/m2c-slovakia-na-sapi-energy-conference-2025\/","title":{"rendered":"M2C Slovakia na SAPI Energy Conference 2025"},"content":{"rendered":"<p data-start=\"130\" data-end=\"312\">Na prest\u00ed\u017enej odbornej konferencii <strong data-start=\"165\" data-end=\"196\">SAPI Energy Conference 2025<\/strong>, organizovanej <strong data-start=\"212\" data-end=\"270\">Slovenskou asoci\u00e1ciou pre udr\u017eate\u013en\u00fa energetiku (SAPI)<\/strong>, sme nech\u00fdbali ani my z <strong data-start=\"295\" data-end=\"311\">M2C Slovakia<\/strong>.<\/p>\n<p data-start=\"314\" data-end=\"708\">Na\u0161u spolo\u010dnos\u0165 reprezentovali <strong data-start=\"345\" data-end=\"363\">Lucia Cardenas<\/strong> a <strong data-start=\"366\" data-end=\"384\">Martin Kubovi\u010d<\/strong>, odborn\u00edci a obchodn\u00ed z\u00e1stupcovia, ktor\u00ed sa akt\u00edvne zap\u00e1jali do diskusi\u00ed o bud\u00facnosti energetiky na Slovensku.<br data-start=\"495\" data-end=\"498\" \/>Lucia priniesla z konferencie mno\u017estvo nov\u00fdch kontaktov a in\u0161pir\u00e1ci\u00ed pre rozvoj na\u0161ich slu\u017eieb, zatia\u013e \u010do Martin sa zameral na konkr\u00e9tne rie\u0161enia v oblasti \u00faspor energi\u00ed a inov\u00e1ci\u00ed na mieru pre na\u0161ich klientov.<\/p>\n<p data-start=\"710\" data-end=\"809\">\u010eakujeme organiz\u00e1torom za skvelo pripraven\u00e9 podujatie a te\u0161\u00edme sa na nov\u00e9 partnerstv\u00e1 a spolupr\u00e1ce!<\/p>\n<p data-start=\"710\" data-end=\"809\"><img loading=\"lazy\" decoding=\"async\" class=\"alignnone size-medium wp-image-19222\" src=\"data:image\/gif;base64,R0lGODlhAQABAIAAAAAAAP\/\/\/yH5BAEAAAAALAAAAAABAAEAAAIBRAA7\" data-src=\"https:\/\/www.m2c.eu\/wp-content\/uploads\/2025\/06\/1747926425256-225x300.jpeg\" alt=\"\" width=\"225\" height=\"300\" srcset=\"data:image\/gif;base64,R0lGODlhAQABAIAAAAAAAP\/\/\/yH5BAEAAAAALAAAAAABAAEAAAIBRAA7\" data-srcset=\"https:\/\/www.m2c.eu\/wp-content\/uploads\/2025\/06\/1747926425256-225x300.jpeg 225w, https:\/\/www.m2c.eu\/wp-content\/uploads\/2025\/06\/1747926425256-768x1024.jpeg 768w, https:\/\/www.m2c.eu\/wp-content\/uploads\/2025\/06\/1747926425256-1152x1536.jpeg 1152w, https:\/\/www.m2c.eu\/wp-content\/uploads\/2025\/06\/1747926425256.jpeg 1200w\" sizes=\"auto, (max-width: 225px) 100vw, 225px\" \/><\/p>\n","protected":false},"excerpt":{"rendered":"<p>Na prest\u00ed\u017enej odbornej konferencii SAPI Energy Conference 2025, organizovanej Slovenskou asoci\u00e1ciou pre udr\u017eate\u013en\u00fa energetiku (SAPI), sme nech\u00fdbali ani my z M2C Slovakia. Na\u0161u spolo\u010dnos\u0165 reprezentovali Lucia Cardenas a Martin Kubovi\u010d, odborn\u00edci a obchodn\u00ed z\u00e1stupcovia, ktor\u00ed sa akt\u00edvne zap\u00e1jali do diskusi\u00ed o bud\u00facnosti energetiky na Slovensku.Lucia priniesla z konferencie mno\u017estvo nov\u00fdch kontaktov a in\u0161pir\u00e1ci\u00ed pre rozvoj&#8230;<\/p>\n","protected":false},"author":24,"featured_media":19213,"comment_status":"open","ping_status":"open","sticky":false,"template":"","format":"standard","meta":{"_monsterinsights_skip_tracking":false,"_monsterinsights_sitenote_active":false,"_monsterinsights_sitenote_note":"","_monsterinsights_sitenote_category":0,"footnotes":""},"categories":[18],"tags":[],"class_list":["post-19203","post","type-post","status-publish","format-standard","has-post-thumbnail","hentry","category-uncategorized-sk"],"yoast_head":"<!-- This site is optimized with the Yoast SEO plugin v27.5 - https:\/\/yoast.com\/product\/yoast-seo-wordpress\/ -->\n<title>M2C Slovakia na SAPI Energy Conference 2025 | M2C<\/title>\n<meta name=\"robots\" content=\"index, follow, max-snippet:-1, max-image-preview:large, max-video-preview:-1\" \/>\n<link rel=\"canonical\" href=\"https:\/\/www.m2c.eu\/sk\/m2c-slovakia-na-sapi-energy-conference-2025\/\" \/>\n<meta property=\"og:locale\" content=\"sk_SK\" \/>\n<meta property=\"og:type\" content=\"article\" \/>\n<meta property=\"og:title\" content=\"M2C Slovakia na SAPI Energy Conference 2025 | M2C\" \/>\n<meta property=\"og:description\" content=\"Na prest\u00ed\u017enej odbornej konferencii SAPI Energy Conference 2025, organizovanej Slovenskou asoci\u00e1ciou pre udr\u017eate\u013en\u00fa energetiku (SAPI), sme nech\u00fdbali ani my z M2C Slovakia. Na\u0161u spolo\u010dnos\u0165 reprezentovali Lucia Cardenas a Martin Kubovi\u010d, odborn\u00edci a obchodn\u00ed z\u00e1stupcovia, ktor\u00ed sa akt\u00edvne zap\u00e1jali do diskusi\u00ed o bud\u00facnosti energetiky na Slovensku.Lucia priniesla z konferencie mno\u017estvo nov\u00fdch kontaktov a in\u0161pir\u00e1ci\u00ed pre rozvoj...\" \/>\n<meta property=\"og:url\" content=\"https:\/\/www.m2c.eu\/sk\/m2c-slovakia-na-sapi-energy-conference-2025\/\" \/>\n<meta property=\"og:site_name\" content=\"M2C\" \/>\n<meta property=\"article:published_time\" content=\"2025-06-16T11:30:23+00:00\" \/>\n<meta property=\"og:image\" content=\"https:\/\/www.m2c.eu\/wp-content\/uploads\/2025\/06\/1747926425236.jpeg\" \/>\n\t<meta property=\"og:image:width\" content=\"1200\" \/>\n\t<meta property=\"og:image:height\" content=\"1600\" \/>\n\t<meta property=\"og:image:type\" content=\"image\/jpeg\" \/>\n<meta name=\"author\" content=\"Tom\u00e1\u0161 Horgo\u0161\" \/>\n<meta name=\"twitter:card\" content=\"summary_large_image\" \/>\n<meta name=\"twitter:label1\" content=\"Autor\" \/>\n\t<meta name=\"twitter:data1\" content=\"Tom\u00e1\u0161 Horgo\u0161\" \/>\n\t<meta name=\"twitter:label2\" content=\"Predpokladan\u00fd \u010das \u010d\u00edtania\" \/>\n\t<meta name=\"twitter:data2\" content=\"1 min\u00fata\" \/>\n<!-- \/ Yoast SEO plugin. -->","yoast_head_json":{"title":"M2C Slovakia na SAPI Energy Conference 2025 | M2C","robots":{"index":"index","follow":"follow","max-snippet":"max-snippet:-1","max-image-preview":"max-image-preview:large","max-video-preview":"max-video-preview:-1"},"canonical":"https:\/\/www.m2c.eu\/sk\/m2c-slovakia-na-sapi-energy-conference-2025\/","og_locale":"sk_SK","og_type":"article","og_title":"M2C Slovakia na SAPI Energy Conference 2025 | M2C","og_description":"Na prest\u00ed\u017enej odbornej konferencii SAPI Energy Conference 2025, organizovanej Slovenskou asoci\u00e1ciou pre udr\u017eate\u013en\u00fa energetiku (SAPI), sme nech\u00fdbali ani my z M2C Slovakia. Na\u0161u spolo\u010dnos\u0165 reprezentovali Lucia Cardenas a Martin Kubovi\u010d, odborn\u00edci a obchodn\u00ed z\u00e1stupcovia, ktor\u00ed sa akt\u00edvne zap\u00e1jali do diskusi\u00ed o bud\u00facnosti energetiky na Slovensku.Lucia priniesla z konferencie mno\u017estvo nov\u00fdch kontaktov a in\u0161pir\u00e1ci\u00ed pre rozvoj...","og_url":"https:\/\/www.m2c.eu\/sk\/m2c-slovakia-na-sapi-energy-conference-2025\/","og_site_name":"M2C","article_published_time":"2025-06-16T11:30:23+00:00","og_image":[{"width":1200,"height":1600,"url":"https:\/\/www.m2c.eu\/wp-content\/uploads\/2025\/06\/1747926425236.jpeg","type":"image\/jpeg"}],"author":"Tom\u00e1\u0161 Horgo\u0161","twitter_card":"summary_large_image","twitter_misc":{"Autor":"Tom\u00e1\u0161 Horgo\u0161","Predpokladan\u00fd \u010das \u010d\u00edtania":"1 min\u00fata"},"schema":{"@context":"https:\/\/schema.org","@graph":[{"@type":"Article","@id":"https:\/\/www.m2c.eu\/sk\/m2c-slovakia-na-sapi-energy-conference-2025\/#article","isPartOf":{"@id":"https:\/\/www.m2c.eu\/sk\/m2c-slovakia-na-sapi-energy-conference-2025\/"},"author":{"name":"Tom\u00e1\u0161 Horgo\u0161","@id":"https:\/\/www.m2c.eu\/#\/schema\/person\/6b9f06b6375972bace155db52beabfa5"},"headline":"M2C Slovakia na SAPI Energy Conference 2025","datePublished":"2025-06-16T11:30:23+00:00","mainEntityOfPage":{"@id":"https:\/\/www.m2c.eu\/sk\/m2c-slovakia-na-sapi-energy-conference-2025\/"},"wordCount":123,"commentCount":0,"publisher":{"@id":"https:\/\/www.m2c.eu\/#organization"},"image":{"@id":"https:\/\/www.m2c.eu\/sk\/m2c-slovakia-na-sapi-energy-conference-2025\/#primaryimage"},"thumbnailUrl":"https:\/\/www.m2c.eu\/wp-content\/uploads\/2025\/06\/1747926425236.jpeg","articleSection":["\u010co je nov\u00e9"],"inLanguage":"sk-SK","potentialAction":[{"@type":"CommentAction","name":"Comment","target":["https:\/\/www.m2c.eu\/sk\/m2c-slovakia-na-sapi-energy-conference-2025\/#respond"]}]},{"@type":"WebPage","@id":"https:\/\/www.m2c.eu\/sk\/m2c-slovakia-na-sapi-energy-conference-2025\/","url":"https:\/\/www.m2c.eu\/sk\/m2c-slovakia-na-sapi-energy-conference-2025\/","name":"M2C Slovakia na SAPI Energy Conference 2025 | M2C","isPartOf":{"@id":"https:\/\/www.m2c.eu\/#website"},"primaryImageOfPage":{"@id":"https:\/\/www.m2c.eu\/sk\/m2c-slovakia-na-sapi-energy-conference-2025\/#primaryimage"},"image":{"@id":"https:\/\/www.m2c.eu\/sk\/m2c-slovakia-na-sapi-energy-conference-2025\/#primaryimage"},"thumbnailUrl":"https:\/\/www.m2c.eu\/wp-content\/uploads\/2025\/06\/1747926425236.jpeg","datePublished":"2025-06-16T11:30:23+00:00","breadcrumb":{"@id":"https:\/\/www.m2c.eu\/sk\/m2c-slovakia-na-sapi-energy-conference-2025\/#breadcrumb"},"inLanguage":"sk-SK","potentialAction":[{"@type":"ReadAction","target":["https:\/\/www.m2c.eu\/sk\/m2c-slovakia-na-sapi-energy-conference-2025\/"]}]},{"@type":"ImageObject","inLanguage":"sk-SK","@id":"https:\/\/www.m2c.eu\/sk\/m2c-slovakia-na-sapi-energy-conference-2025\/#primaryimage","url":"https:\/\/www.m2c.eu\/wp-content\/uploads\/2025\/06\/1747926425236.jpeg","contentUrl":"https:\/\/www.m2c.eu\/wp-content\/uploads\/2025\/06\/1747926425236.jpeg","width":1200,"height":1600},{"@type":"BreadcrumbList","@id":"https:\/\/www.m2c.eu\/sk\/m2c-slovakia-na-sapi-energy-conference-2025\/#breadcrumb","itemListElement":[{"@type":"ListItem","position":1,"name":"\u00davod","item":"https:\/\/www.m2c.eu\/sk\/"},{"@type":"ListItem","position":2,"name":"M2C Slovakia na SAPI Energy Conference 2025"}]},{"@type":"WebSite","@id":"https:\/\/www.m2c.eu\/#website","url":"https:\/\/www.m2c.eu\/","name":"M2C","description":"Kompleksowa obs\u0142uga obiekt\u00f3w komercyjnych","publisher":{"@id":"https:\/\/www.m2c.eu\/#organization"},"potentialAction":[{"@type":"SearchAction","target":{"@type":"EntryPoint","urlTemplate":"https:\/\/www.m2c.eu\/?s={search_term_string}"},"query-input":{"@type":"PropertyValueSpecification","valueRequired":true,"valueName":"search_term_string"}}],"inLanguage":"sk-SK"},{"@type":"Organization","@id":"https:\/\/www.m2c.eu\/#organization","name":"M2C","url":"https:\/\/www.m2c.eu\/","logo":{"@type":"ImageObject","inLanguage":"sk-SK","@id":"https:\/\/www.m2c.eu\/#\/schema\/logo\/image\/","url":"https:\/\/www.m2c.eu\/wp-content\/uploads\/2021\/08\/logo-m2c.svg","contentUrl":"https:\/\/www.m2c.eu\/wp-content\/uploads\/2021\/08\/logo-m2c.svg","width":141,"height":40,"caption":"M2C"},"image":{"@id":"https:\/\/www.m2c.eu\/#\/schema\/logo\/image\/"}},{"@type":"Person","@id":"https:\/\/www.m2c.eu\/#\/schema\/person\/6b9f06b6375972bace155db52beabfa5","name":"Tom\u00e1\u0161 Horgo\u0161","image":{"@type":"ImageObject","inLanguage":"sk-SK","@id":"https:\/\/secure.gravatar.com\/avatar\/0a33faeede7a9f9fd6097e7ec7b0cda2d16a287d74ed7a863310fd461b277841?s=96&d=mm&r=g","url":"https:\/\/secure.gravatar.com\/avatar\/0a33faeede7a9f9fd6097e7ec7b0cda2d16a287d74ed7a863310fd461b277841?s=96&d=mm&r=g","contentUrl":"https:\/\/secure.gravatar.com\/avatar\/0a33faeede7a9f9fd6097e7ec7b0cda2d16a287d74ed7a863310fd461b277841?s=96&d=mm&r=g","caption":"Tom\u00e1\u0161 Horgo\u0161"}}]}},"_links":{"self":[{"href":"https:\/\/www.m2c.eu\/sk\/wp-json\/wp\/v2\/posts\/19203","targetHints":{"allow":["GET"]}}],"collection":[{"href":"https:\/\/www.m2c.eu\/sk\/wp-json\/wp\/v2\/posts"}],"about":[{"href":"https:\/\/www.m2c.eu\/sk\/wp-json\/wp\/v2\/types\/post"}],"author":[{"embeddable":true,"href":"https:\/\/www.m2c.eu\/sk\/wp-json\/wp\/v2\/users\/24"}],"replies":[{"embeddable":true,"href":"https:\/\/www.m2c.eu\/sk\/wp-json\/wp\/v2\/comments?post=19203"}],"version-history":[{"count":1,"href":"https:\/\/www.m2c.eu\/sk\/wp-json\/wp\/v2\/posts\/19203\/revisions"}],"predecessor-version":[{"id":19231,"href":"https:\/\/www.m2c.eu\/sk\/wp-json\/wp\/v2\/posts\/19203\/revisions\/19231"}],"wp:featuredmedia":[{"embeddable":true,"href":"https:\/\/www.m2c.eu\/sk\/wp-json\/wp\/v2\/media\/19213"}],"wp:attachment":[{"href":"https:\/\/www.m2c.eu\/sk\/wp-json\/wp\/v2\/media?parent=19203"}],"wp:term":[{"taxonomy":"category","embeddable":true,"href":"https:\/\/www.m2c.eu\/sk\/wp-json\/wp\/v2\/categories?post=19203"},{"taxonomy":"post_tag","embeddable":true,"href":"https:\/\/www.m2c.eu\/sk\/wp-json\/wp\/v2\/tags?post=19203"}],"curies":[{"name":"wp","href":"https:\/\/api.w.org\/{rel}","templated":true}]}}