{"id":19182,"date":"2025-06-16T09:05:55","date_gmt":"2025-06-16T07:05:55","guid":{"rendered":"https:\/\/www.m2c.eu\/?p=19182"},"modified":"2025-06-16T09:05:55","modified_gmt":"2025-06-16T07:05:55","slug":"m2c-slovakia-na-metroarch-camp-2025-novy-vietor-nove-impulzy","status":"publish","type":"post","link":"https:\/\/www.m2c.eu\/sk\/m2c-slovakia-na-metroarch-camp-2025-novy-vietor-nove-impulzy\/","title":{"rendered":"M2C Slovakia na MetroArch Camp 2025 \u2013 nov\u00fd vietor, nov\u00e9 impulzy"},"content":{"rendered":"<p data-start=\"131\" data-end=\"394\">Minul\u00fd t\u00fd\u017ede\u0148 sme sa s nad\u0161en\u00edm z\u00fa\u010dastnili <strong data-start=\"174\" data-end=\"192\">MetroArch Campu<\/strong> v Poprade, kde bola M2C Slovakia op\u00e4\u0165 hrd\u00fdm partnerom podujatia. Hoci sa mo\u017eno zd\u00e1, \u017ee sa opakuj\u00fa tie ist\u00e9 men\u00e1 a tv\u00e1re, pravda je, \u017ee ka\u017ed\u00fd ro\u010dn\u00edk prin\u00e1\u0161a svie\u017ei vietor inov\u00e1ci\u00ed a nov\u00fdch pr\u00edle\u017eitost\u00ed.<\/p>\n<p data-start=\"396\" data-end=\"500\">Tohtoro\u010dn\u00fd ro\u010dn\u00edk sa niesol v znamen\u00ed <strong data-start=\"434\" data-end=\"468\">prv\u00e9ho spojenia dvoch podujat\u00ed<\/strong>, \u010do prinieslo viacero noviniek:<\/p>\n<ul data-start=\"502\" data-end=\"806\">\n<li data-start=\"502\" data-end=\"581\">\n<p data-start=\"504\" data-end=\"581\"><strong data-start=\"504\" data-end=\"525\">\u010cerstv\u00e1 koncepcia<\/strong> \u2013 nov\u00e9 form\u00e1ty, t\u00e9matick\u00e9 bloky a interakt\u00edvne sekcie<\/p>\n<\/li>\n<li data-start=\"582\" data-end=\"700\">\n<p data-start=\"584\" data-end=\"700\"><strong data-start=\"584\" data-end=\"609\">Prest\u00ed\u017ene partnerstv\u00e1<\/strong> \u2013 spojenie s\u00edl M2C a Chastia vytvorilo spolo\u010dn\u00fa platformu pre prezent\u00e1ciu nov\u00fdch trendov<\/p>\n<\/li>\n<li data-start=\"701\" data-end=\"806\">\n<p data-start=\"703\" data-end=\"806\"><strong data-start=\"703\" data-end=\"739\">Nadviazanie kvalitn\u00fdch kontaktov<\/strong> \u2013 udalosti aj networking priniesli nadviazanie cenn\u00fdch spolupr\u00e1c<\/p>\n<\/li>\n<\/ul>\n<p data-start=\"808\" data-end=\"1080\">Spolu s Andrejom sme predstavili na\u0161u t\u00e9mu zameran\u00fa na<b>Technologick\u00e9 <\/b><b>inov\u00e1cie<\/b><b> k <\/b><b>efekt\u00edvnemu<\/b><b> v\u00fdkonu integrovan\u00e9ho facility <\/b><b>mana\u017ementu<\/b> <b>ako<\/b> <b>k\u013e\u00fa\u010d<\/b><b> k <\/b><b>vy\u0161\u0161ej<\/b> <b>konkurencieschopnosti<\/b>, ktor\u00e1 zd\u00f4raznila, ako sa M2C Slovakia pos\u00fava \u010falej \u2013 men\u00ed, inovuje a vyv\u00edja nov\u00e9 technol\u00f3gie. Na\u0161ou amb\u00edciou je tieto rie\u0161enia predstavova\u0165 klientom a partnerom v praxi.<\/p>\n<p data-start=\"1082\" data-end=\"1246\">Ak ste sa podujatia z\u00fa\u010dastnili, budeme radi za va\u0161u sp\u00e4tn\u00fa v\u00e4zbu \u2013 \u010do v\u00e1s na na\u0161ej prezent\u00e1cii najviac oslovilo? Va\u0161e n\u00e1zory s\u00fa pre n\u00e1s impulzom do \u010fal\u0161ieho v\u00fdvoja.<\/p>\n<p data-start=\"1082\" data-end=\"1246\"><img loading=\"lazy\" decoding=\"async\" class=\"alignnone size-medium wp-image-19193\" src=\"data:image\/gif;base64,R0lGODlhAQABAIAAAAAAAP\/\/\/yH5BAEAAAAALAAAAAABAAEAAAIBRAA7\" data-src=\"https:\/\/www.m2c.eu\/wp-content\/uploads\/2025\/06\/1749832526092-225x300.jpeg\" alt=\"\" width=\"225\" height=\"300\" srcset=\"data:image\/gif;base64,R0lGODlhAQABAIAAAAAAAP\/\/\/yH5BAEAAAAALAAAAAABAAEAAAIBRAA7\" data-srcset=\"https:\/\/www.m2c.eu\/wp-content\/uploads\/2025\/06\/1749832526092-225x300.jpeg 225w, https:\/\/www.m2c.eu\/wp-content\/uploads\/2025\/06\/1749832526092-768x1024.jpeg 768w, https:\/\/www.m2c.eu\/wp-content\/uploads\/2025\/06\/1749832526092-1152x1536.jpeg 1152w, https:\/\/www.m2c.eu\/wp-content\/uploads\/2025\/06\/1749832526092.jpeg 1200w\" sizes=\"auto, (max-width: 225px) 100vw, 225px\" \/><\/p>\n","protected":false},"excerpt":{"rendered":"<p>Minul\u00fd t\u00fd\u017ede\u0148 sme sa s nad\u0161en\u00edm z\u00fa\u010dastnili MetroArch Campu v Poprade, kde bola M2C Slovakia op\u00e4\u0165 hrd\u00fdm partnerom podujatia. Hoci sa mo\u017eno zd\u00e1, \u017ee sa opakuj\u00fa tie ist\u00e9 men\u00e1 a tv\u00e1re, pravda je, \u017ee ka\u017ed\u00fd ro\u010dn\u00edk prin\u00e1\u0161a svie\u017ei vietor inov\u00e1ci\u00ed a nov\u00fdch pr\u00edle\u017eitost\u00ed. Tohtoro\u010dn\u00fd ro\u010dn\u00edk sa niesol v znamen\u00ed prv\u00e9ho spojenia dvoch podujat\u00ed, \u010do prinieslo&#8230;<\/p>\n","protected":false},"author":24,"featured_media":19184,"comment_status":"open","ping_status":"open","sticky":false,"template":"","format":"standard","meta":{"_monsterinsights_skip_tracking":false,"_monsterinsights_sitenote_active":false,"_monsterinsights_sitenote_note":"","_monsterinsights_sitenote_category":0,"footnotes":""},"categories":[18],"tags":[],"class_list":["post-19182","post","type-post","status-publish","format-standard","has-post-thumbnail","hentry","category-uncategorized-sk"],"yoast_head":"<!-- This site is optimized with the Yoast SEO plugin v27.5 - https:\/\/yoast.com\/product\/yoast-seo-wordpress\/ -->\n<title>M2C Slovakia na MetroArch Camp 2025 \u2013 nov\u00fd vietor, nov\u00e9 impulzy | M2C<\/title>\n<meta name=\"robots\" content=\"index, follow, max-snippet:-1, max-image-preview:large, max-video-preview:-1\" \/>\n<link rel=\"canonical\" href=\"https:\/\/www.m2c.eu\/sk\/m2c-slovakia-na-metroarch-camp-2025-novy-vietor-nove-impulzy\/\" \/>\n<meta property=\"og:locale\" content=\"sk_SK\" \/>\n<meta property=\"og:type\" content=\"article\" \/>\n<meta property=\"og:title\" content=\"M2C Slovakia na MetroArch Camp 2025 \u2013 nov\u00fd vietor, nov\u00e9 impulzy | M2C\" \/>\n<meta property=\"og:description\" content=\"Minul\u00fd t\u00fd\u017ede\u0148 sme sa s nad\u0161en\u00edm z\u00fa\u010dastnili MetroArch Campu v Poprade, kde bola M2C Slovakia op\u00e4\u0165 hrd\u00fdm partnerom podujatia. Hoci sa mo\u017eno zd\u00e1, \u017ee sa opakuj\u00fa tie ist\u00e9 men\u00e1 a tv\u00e1re, pravda je, \u017ee ka\u017ed\u00fd ro\u010dn\u00edk prin\u00e1\u0161a svie\u017ei vietor inov\u00e1ci\u00ed a nov\u00fdch pr\u00edle\u017eitost\u00ed. Tohtoro\u010dn\u00fd ro\u010dn\u00edk sa niesol v znamen\u00ed prv\u00e9ho spojenia dvoch podujat\u00ed, \u010do prinieslo...\" \/>\n<meta property=\"og:url\" content=\"https:\/\/www.m2c.eu\/sk\/m2c-slovakia-na-metroarch-camp-2025-novy-vietor-nove-impulzy\/\" \/>\n<meta property=\"og:site_name\" content=\"M2C\" \/>\n<meta property=\"article:published_time\" content=\"2025-06-16T07:05:55+00:00\" \/>\n<meta property=\"og:image\" content=\"https:\/\/www.m2c.eu\/wp-content\/uploads\/2025\/06\/1749832526093.jpeg\" \/>\n\t<meta property=\"og:image:width\" content=\"1200\" \/>\n\t<meta property=\"og:image:height\" content=\"1600\" \/>\n\t<meta property=\"og:image:type\" content=\"image\/jpeg\" \/>\n<meta name=\"author\" content=\"Tom\u00e1\u0161 Horgo\u0161\" \/>\n<meta name=\"twitter:card\" content=\"summary_large_image\" \/>\n<meta name=\"twitter:label1\" content=\"Autor\" \/>\n\t<meta name=\"twitter:data1\" content=\"Tom\u00e1\u0161 Horgo\u0161\" \/>\n\t<meta name=\"twitter:label2\" content=\"Predpokladan\u00fd \u010das \u010d\u00edtania\" \/>\n\t<meta name=\"twitter:data2\" content=\"2 min\u00faty\" \/>\n<!-- \/ Yoast SEO plugin. -->","yoast_head_json":{"title":"M2C Slovakia na MetroArch Camp 2025 \u2013 nov\u00fd vietor, nov\u00e9 impulzy | M2C","robots":{"index":"index","follow":"follow","max-snippet":"max-snippet:-1","max-image-preview":"max-image-preview:large","max-video-preview":"max-video-preview:-1"},"canonical":"https:\/\/www.m2c.eu\/sk\/m2c-slovakia-na-metroarch-camp-2025-novy-vietor-nove-impulzy\/","og_locale":"sk_SK","og_type":"article","og_title":"M2C Slovakia na MetroArch Camp 2025 \u2013 nov\u00fd vietor, nov\u00e9 impulzy | M2C","og_description":"Minul\u00fd t\u00fd\u017ede\u0148 sme sa s nad\u0161en\u00edm z\u00fa\u010dastnili MetroArch Campu v Poprade, kde bola M2C Slovakia op\u00e4\u0165 hrd\u00fdm partnerom podujatia. Hoci sa mo\u017eno zd\u00e1, \u017ee sa opakuj\u00fa tie ist\u00e9 men\u00e1 a tv\u00e1re, pravda je, \u017ee ka\u017ed\u00fd ro\u010dn\u00edk prin\u00e1\u0161a svie\u017ei vietor inov\u00e1ci\u00ed a nov\u00fdch pr\u00edle\u017eitost\u00ed. Tohtoro\u010dn\u00fd ro\u010dn\u00edk sa niesol v znamen\u00ed prv\u00e9ho spojenia dvoch podujat\u00ed, \u010do prinieslo...","og_url":"https:\/\/www.m2c.eu\/sk\/m2c-slovakia-na-metroarch-camp-2025-novy-vietor-nove-impulzy\/","og_site_name":"M2C","article_published_time":"2025-06-16T07:05:55+00:00","og_image":[{"width":1200,"height":1600,"url":"https:\/\/www.m2c.eu\/wp-content\/uploads\/2025\/06\/1749832526093.jpeg","type":"image\/jpeg"}],"author":"Tom\u00e1\u0161 Horgo\u0161","twitter_card":"summary_large_image","twitter_misc":{"Autor":"Tom\u00e1\u0161 Horgo\u0161","Predpokladan\u00fd \u010das \u010d\u00edtania":"2 min\u00faty"},"schema":{"@context":"https:\/\/schema.org","@graph":[{"@type":"Article","@id":"https:\/\/www.m2c.eu\/sk\/m2c-slovakia-na-metroarch-camp-2025-novy-vietor-nove-impulzy\/#article","isPartOf":{"@id":"https:\/\/www.m2c.eu\/sk\/m2c-slovakia-na-metroarch-camp-2025-novy-vietor-nove-impulzy\/"},"author":{"name":"Tom\u00e1\u0161 Horgo\u0161","@id":"https:\/\/www.m2c.eu\/#\/schema\/person\/6b9f06b6375972bace155db52beabfa5"},"headline":"M2C Slovakia na MetroArch Camp 2025 \u2013 nov\u00fd vietor, nov\u00e9 impulzy","datePublished":"2025-06-16T07:05:55+00:00","mainEntityOfPage":{"@id":"https:\/\/www.m2c.eu\/sk\/m2c-slovakia-na-metroarch-camp-2025-novy-vietor-nove-impulzy\/"},"wordCount":234,"commentCount":0,"publisher":{"@id":"https:\/\/www.m2c.eu\/#organization"},"image":{"@id":"https:\/\/www.m2c.eu\/sk\/m2c-slovakia-na-metroarch-camp-2025-novy-vietor-nove-impulzy\/#primaryimage"},"thumbnailUrl":"https:\/\/www.m2c.eu\/wp-content\/uploads\/2025\/06\/1749832526093.jpeg","articleSection":["\u010co je nov\u00e9"],"inLanguage":"sk-SK","potentialAction":[{"@type":"CommentAction","name":"Comment","target":["https:\/\/www.m2c.eu\/sk\/m2c-slovakia-na-metroarch-camp-2025-novy-vietor-nove-impulzy\/#respond"]}]},{"@type":"WebPage","@id":"https:\/\/www.m2c.eu\/sk\/m2c-slovakia-na-metroarch-camp-2025-novy-vietor-nove-impulzy\/","url":"https:\/\/www.m2c.eu\/sk\/m2c-slovakia-na-metroarch-camp-2025-novy-vietor-nove-impulzy\/","name":"M2C Slovakia na MetroArch Camp 2025 \u2013 nov\u00fd vietor, nov\u00e9 impulzy | M2C","isPartOf":{"@id":"https:\/\/www.m2c.eu\/#website"},"primaryImageOfPage":{"@id":"https:\/\/www.m2c.eu\/sk\/m2c-slovakia-na-metroarch-camp-2025-novy-vietor-nove-impulzy\/#primaryimage"},"image":{"@id":"https:\/\/www.m2c.eu\/sk\/m2c-slovakia-na-metroarch-camp-2025-novy-vietor-nove-impulzy\/#primaryimage"},"thumbnailUrl":"https:\/\/www.m2c.eu\/wp-content\/uploads\/2025\/06\/1749832526093.jpeg","datePublished":"2025-06-16T07:05:55+00:00","breadcrumb":{"@id":"https:\/\/www.m2c.eu\/sk\/m2c-slovakia-na-metroarch-camp-2025-novy-vietor-nove-impulzy\/#breadcrumb"},"inLanguage":"sk-SK","potentialAction":[{"@type":"ReadAction","target":["https:\/\/www.m2c.eu\/sk\/m2c-slovakia-na-metroarch-camp-2025-novy-vietor-nove-impulzy\/"]}]},{"@type":"ImageObject","inLanguage":"sk-SK","@id":"https:\/\/www.m2c.eu\/sk\/m2c-slovakia-na-metroarch-camp-2025-novy-vietor-nove-impulzy\/#primaryimage","url":"https:\/\/www.m2c.eu\/wp-content\/uploads\/2025\/06\/1749832526093.jpeg","contentUrl":"https:\/\/www.m2c.eu\/wp-content\/uploads\/2025\/06\/1749832526093.jpeg","width":1200,"height":1600},{"@type":"BreadcrumbList","@id":"https:\/\/www.m2c.eu\/sk\/m2c-slovakia-na-metroarch-camp-2025-novy-vietor-nove-impulzy\/#breadcrumb","itemListElement":[{"@type":"ListItem","position":1,"name":"\u00davod","item":"https:\/\/www.m2c.eu\/sk\/"},{"@type":"ListItem","position":2,"name":"M2C Slovakia na MetroArch Camp 2025 \u2013 nov\u00fd vietor, nov\u00e9 impulzy"}]},{"@type":"WebSite","@id":"https:\/\/www.m2c.eu\/#website","url":"https:\/\/www.m2c.eu\/","name":"M2C","description":"Kompleksowa obs\u0142uga obiekt\u00f3w komercyjnych","publisher":{"@id":"https:\/\/www.m2c.eu\/#organization"},"potentialAction":[{"@type":"SearchAction","target":{"@type":"EntryPoint","urlTemplate":"https:\/\/www.m2c.eu\/?s={search_term_string}"},"query-input":{"@type":"PropertyValueSpecification","valueRequired":true,"valueName":"search_term_string"}}],"inLanguage":"sk-SK"},{"@type":"Organization","@id":"https:\/\/www.m2c.eu\/#organization","name":"M2C","url":"https:\/\/www.m2c.eu\/","logo":{"@type":"ImageObject","inLanguage":"sk-SK","@id":"https:\/\/www.m2c.eu\/#\/schema\/logo\/image\/","url":"https:\/\/www.m2c.eu\/wp-content\/uploads\/2021\/08\/logo-m2c.svg","contentUrl":"https:\/\/www.m2c.eu\/wp-content\/uploads\/2021\/08\/logo-m2c.svg","width":141,"height":40,"caption":"M2C"},"image":{"@id":"https:\/\/www.m2c.eu\/#\/schema\/logo\/image\/"}},{"@type":"Person","@id":"https:\/\/www.m2c.eu\/#\/schema\/person\/6b9f06b6375972bace155db52beabfa5","name":"Tom\u00e1\u0161 Horgo\u0161","image":{"@type":"ImageObject","inLanguage":"sk-SK","@id":"https:\/\/secure.gravatar.com\/avatar\/0a33faeede7a9f9fd6097e7ec7b0cda2d16a287d74ed7a863310fd461b277841?s=96&d=mm&r=g","url":"https:\/\/secure.gravatar.com\/avatar\/0a33faeede7a9f9fd6097e7ec7b0cda2d16a287d74ed7a863310fd461b277841?s=96&d=mm&r=g","contentUrl":"https:\/\/secure.gravatar.com\/avatar\/0a33faeede7a9f9fd6097e7ec7b0cda2d16a287d74ed7a863310fd461b277841?s=96&d=mm&r=g","caption":"Tom\u00e1\u0161 Horgo\u0161"}}]}},"_links":{"self":[{"href":"https:\/\/www.m2c.eu\/sk\/wp-json\/wp\/v2\/posts\/19182","targetHints":{"allow":["GET"]}}],"collection":[{"href":"https:\/\/www.m2c.eu\/sk\/wp-json\/wp\/v2\/posts"}],"about":[{"href":"https:\/\/www.m2c.eu\/sk\/wp-json\/wp\/v2\/types\/post"}],"author":[{"embeddable":true,"href":"https:\/\/www.m2c.eu\/sk\/wp-json\/wp\/v2\/users\/24"}],"replies":[{"embeddable":true,"href":"https:\/\/www.m2c.eu\/sk\/wp-json\/wp\/v2\/comments?post=19182"}],"version-history":[{"count":2,"href":"https:\/\/www.m2c.eu\/sk\/wp-json\/wp\/v2\/posts\/19182\/revisions"}],"predecessor-version":[{"id":19202,"href":"https:\/\/www.m2c.eu\/sk\/wp-json\/wp\/v2\/posts\/19182\/revisions\/19202"}],"wp:featuredmedia":[{"embeddable":true,"href":"https:\/\/www.m2c.eu\/sk\/wp-json\/wp\/v2\/media\/19184"}],"wp:attachment":[{"href":"https:\/\/www.m2c.eu\/sk\/wp-json\/wp\/v2\/media?parent=19182"}],"wp:term":[{"taxonomy":"category","embeddable":true,"href":"https:\/\/www.m2c.eu\/sk\/wp-json\/wp\/v2\/categories?post=19182"},{"taxonomy":"post_tag","embeddable":true,"href":"https:\/\/www.m2c.eu\/sk\/wp-json\/wp\/v2\/tags?post=19182"}],"curies":[{"name":"wp","href":"https:\/\/api.w.org\/{rel}","templated":true}]}}