{"id":11804,"date":"2023-05-30T08:44:20","date_gmt":"2023-05-30T06:44:20","guid":{"rendered":"https:\/\/www.m2c.eu\/?p=11804"},"modified":"2023-05-30T08:44:20","modified_gmt":"2023-05-30T06:44:20","slug":"m2c-je-sucastou-programu-erasmus","status":"publish","type":"post","link":"https:\/\/www.m2c.eu\/sk\/m2c-je-sucastou-programu-erasmus\/","title":{"rendered":"M2C je s\u00fa\u010das\u0165ou programu ERASMUS+"},"content":{"rendered":"<p>Vedeli ste, \u017ee sa m\u00f4\u017eete z\u00fa\u010dastni\u0165 pracovnej st\u00e1\u017ee v r\u00e1mci programu Erasmus+ v M2C?<\/p>\n<p>Sme hrd\u00ed na to, \u017ee sme hostite\u013eskou spolo\u010dnos\u0165ou pre st\u00e1\u017ee v r\u00e1mci programu Erasmus a v na\u0161om t\u00edme sme u\u017e priv\u00edtali viac ako 80 \u0161tudentov. V s\u00fa\u010dasnosti ukon\u010dujeme \u0161tvormesa\u010dn\u00fd program st\u00e1\u017e\u00ed a pripravujeme sa na za\u010datie nov\u00e9ho v j\u00fani.<\/p>\n<p>Na\u0161e st\u00e1\u017ee pon\u00fakaj\u00fa \u0161tudentom z Eur\u00f3py a dokonca aj z USA fantastick\u00fa pr\u00edle\u017eitos\u0165 z\u00edska\u0165 cenn\u00e9 pracovn\u00e9 sk\u00fasenosti v na\u0161ej organiz\u00e1cii. Poskytujeme podporn\u00e9 a dynamick\u00e9 prostredie, v ktorom m\u00f4\u017eu st\u00e1\u017eisti uplatni\u0165 svoje vedomosti, rozv\u00edja\u0165 nov\u00e9 zru\u010dnosti a prispieva\u0165 k re\u00e1lnym projektom.<\/p>\n<p>Ak ste \u0161tudent, ktor\u00fd chce posilni\u0165 svoj profesion\u00e1lny rozvoj, roz\u0161\u00edri\u0165 si obzory a ponori\u0165 sa do dynamick\u00e9ho pracovn\u00e9ho prostredia, zv\u00e1\u017ete mo\u017enos\u0165 prida\u0165 sa k n\u00e1m na pracovn\u00fa st\u00e1\u017e Erasmus+ v spolo\u010dnosti M2C. V\u00edtame motivovan\u00fdch jednotlivcov, ktor\u00ed sa chc\u00fa u\u010di\u0165, r\u00e1s\u0165 a pozit\u00edvne ovplyvni\u0165 dianie.<\/p>\n","protected":false},"excerpt":{"rendered":"<p>Vedeli ste, \u017ee sa m\u00f4\u017eete z\u00fa\u010dastni\u0165 pracovnej st\u00e1\u017ee v r\u00e1mci programu Erasmus+ v M2C? Sme hrd\u00ed na to, \u017ee sme hostite\u013eskou spolo\u010dnos\u0165ou pre st\u00e1\u017ee v r\u00e1mci programu Erasmus a v na\u0161om t\u00edme sme u\u017e priv\u00edtali viac ako 80 \u0161tudentov. V s\u00fa\u010dasnosti ukon\u010dujeme \u0161tvormesa\u010dn\u00fd program st\u00e1\u017e\u00ed a pripravujeme sa na za\u010datie nov\u00e9ho v j\u00fani. Na\u0161e st\u00e1\u017ee&#8230;<\/p>\n","protected":false},"author":8,"featured_media":11789,"comment_status":"open","ping_status":"open","sticky":false,"template":"","format":"standard","meta":{"_monsterinsights_skip_tracking":false,"_monsterinsights_sitenote_active":false,"_monsterinsights_sitenote_note":"","_monsterinsights_sitenote_category":0,"footnotes":""},"categories":[18],"tags":[],"class_list":["post-11804","post","type-post","status-publish","format-standard","has-post-thumbnail","hentry","category-uncategorized-sk"],"yoast_head":"<!-- This site is optimized with the Yoast SEO plugin v27.5 - https:\/\/yoast.com\/product\/yoast-seo-wordpress\/ -->\n<title>M2C je s\u00fa\u010das\u0165ou programu ERASMUS+ | M2C<\/title>\n<meta name=\"robots\" content=\"index, follow, max-snippet:-1, max-image-preview:large, max-video-preview:-1\" \/>\n<link rel=\"canonical\" href=\"https:\/\/www.m2c.eu\/sk\/m2c-je-sucastou-programu-erasmus\/\" \/>\n<meta property=\"og:locale\" content=\"sk_SK\" \/>\n<meta property=\"og:type\" content=\"article\" \/>\n<meta property=\"og:title\" content=\"M2C je s\u00fa\u010das\u0165ou programu ERASMUS+ | M2C\" \/>\n<meta property=\"og:description\" content=\"Vedeli ste, \u017ee sa m\u00f4\u017eete z\u00fa\u010dastni\u0165 pracovnej st\u00e1\u017ee v r\u00e1mci programu Erasmus+ v M2C? Sme hrd\u00ed na to, \u017ee sme hostite\u013eskou spolo\u010dnos\u0165ou pre st\u00e1\u017ee v r\u00e1mci programu Erasmus a v na\u0161om t\u00edme sme u\u017e priv\u00edtali viac ako 80 \u0161tudentov. V s\u00fa\u010dasnosti ukon\u010dujeme \u0161tvormesa\u010dn\u00fd program st\u00e1\u017e\u00ed a pripravujeme sa na za\u010datie nov\u00e9ho v j\u00fani. Na\u0161e st\u00e1\u017ee...\" \/>\n<meta property=\"og:url\" content=\"https:\/\/www.m2c.eu\/sk\/m2c-je-sucastou-programu-erasmus\/\" \/>\n<meta property=\"og:site_name\" content=\"M2C\" \/>\n<meta property=\"article:published_time\" content=\"2023-05-30T06:44:20+00:00\" \/>\n<meta property=\"og:image\" content=\"https:\/\/www.m2c.eu\/wp-content\/uploads\/2023\/05\/Erasmus2-scaled.jpg\" \/>\n\t<meta property=\"og:image:width\" content=\"1920\" \/>\n\t<meta property=\"og:image:height\" content=\"2560\" \/>\n\t<meta property=\"og:image:type\" content=\"image\/jpeg\" \/>\n<meta name=\"author\" content=\"Eva Kon\u016fpkov\u00e1\" \/>\n<meta name=\"twitter:card\" content=\"summary_large_image\" \/>\n<meta name=\"twitter:label1\" content=\"Autor\" \/>\n\t<meta name=\"twitter:data1\" content=\"Eva Kon\u016fpkov\u00e1\" \/>\n\t<meta name=\"twitter:label2\" content=\"Predpokladan\u00fd \u010das \u010d\u00edtania\" \/>\n\t<meta name=\"twitter:data2\" content=\"1 min\u00fata\" \/>\n<!-- \/ Yoast SEO plugin. -->","yoast_head_json":{"title":"M2C je s\u00fa\u010das\u0165ou programu ERASMUS+ | M2C","robots":{"index":"index","follow":"follow","max-snippet":"max-snippet:-1","max-image-preview":"max-image-preview:large","max-video-preview":"max-video-preview:-1"},"canonical":"https:\/\/www.m2c.eu\/sk\/m2c-je-sucastou-programu-erasmus\/","og_locale":"sk_SK","og_type":"article","og_title":"M2C je s\u00fa\u010das\u0165ou programu ERASMUS+ | M2C","og_description":"Vedeli ste, \u017ee sa m\u00f4\u017eete z\u00fa\u010dastni\u0165 pracovnej st\u00e1\u017ee v r\u00e1mci programu Erasmus+ v M2C? Sme hrd\u00ed na to, \u017ee sme hostite\u013eskou spolo\u010dnos\u0165ou pre st\u00e1\u017ee v r\u00e1mci programu Erasmus a v na\u0161om t\u00edme sme u\u017e priv\u00edtali viac ako 80 \u0161tudentov. V s\u00fa\u010dasnosti ukon\u010dujeme \u0161tvormesa\u010dn\u00fd program st\u00e1\u017e\u00ed a pripravujeme sa na za\u010datie nov\u00e9ho v j\u00fani. Na\u0161e st\u00e1\u017ee...","og_url":"https:\/\/www.m2c.eu\/sk\/m2c-je-sucastou-programu-erasmus\/","og_site_name":"M2C","article_published_time":"2023-05-30T06:44:20+00:00","og_image":[{"width":1920,"height":2560,"url":"https:\/\/www.m2c.eu\/wp-content\/uploads\/2023\/05\/Erasmus2-scaled.jpg","type":"image\/jpeg"}],"author":"Eva Kon\u016fpkov\u00e1","twitter_card":"summary_large_image","twitter_misc":{"Autor":"Eva Kon\u016fpkov\u00e1","Predpokladan\u00fd \u010das \u010d\u00edtania":"1 min\u00fata"},"schema":{"@context":"https:\/\/schema.org","@graph":[{"@type":"Article","@id":"https:\/\/www.m2c.eu\/sk\/m2c-je-sucastou-programu-erasmus\/#article","isPartOf":{"@id":"https:\/\/www.m2c.eu\/sk\/m2c-je-sucastou-programu-erasmus\/"},"author":{"name":"Eva Kon\u016fpkov\u00e1","@id":"https:\/\/www.m2c.eu\/#\/schema\/person\/23a55ce990dcba75b63f44cc608b7db6"},"headline":"M2C je s\u00fa\u010das\u0165ou programu ERASMUS+","datePublished":"2023-05-30T06:44:20+00:00","mainEntityOfPage":{"@id":"https:\/\/www.m2c.eu\/sk\/m2c-je-sucastou-programu-erasmus\/"},"wordCount":192,"commentCount":0,"publisher":{"@id":"https:\/\/www.m2c.eu\/#organization"},"image":{"@id":"https:\/\/www.m2c.eu\/sk\/m2c-je-sucastou-programu-erasmus\/#primaryimage"},"thumbnailUrl":"https:\/\/www.m2c.eu\/wp-content\/uploads\/2023\/05\/Erasmus2-scaled.jpg","articleSection":["\u010co je nov\u00e9"],"inLanguage":"sk-SK","potentialAction":[{"@type":"CommentAction","name":"Comment","target":["https:\/\/www.m2c.eu\/sk\/m2c-je-sucastou-programu-erasmus\/#respond"]}]},{"@type":"WebPage","@id":"https:\/\/www.m2c.eu\/sk\/m2c-je-sucastou-programu-erasmus\/","url":"https:\/\/www.m2c.eu\/sk\/m2c-je-sucastou-programu-erasmus\/","name":"M2C je s\u00fa\u010das\u0165ou programu ERASMUS+ | M2C","isPartOf":{"@id":"https:\/\/www.m2c.eu\/#website"},"primaryImageOfPage":{"@id":"https:\/\/www.m2c.eu\/sk\/m2c-je-sucastou-programu-erasmus\/#primaryimage"},"image":{"@id":"https:\/\/www.m2c.eu\/sk\/m2c-je-sucastou-programu-erasmus\/#primaryimage"},"thumbnailUrl":"https:\/\/www.m2c.eu\/wp-content\/uploads\/2023\/05\/Erasmus2-scaled.jpg","datePublished":"2023-05-30T06:44:20+00:00","breadcrumb":{"@id":"https:\/\/www.m2c.eu\/sk\/m2c-je-sucastou-programu-erasmus\/#breadcrumb"},"inLanguage":"sk-SK","potentialAction":[{"@type":"ReadAction","target":["https:\/\/www.m2c.eu\/sk\/m2c-je-sucastou-programu-erasmus\/"]}]},{"@type":"ImageObject","inLanguage":"sk-SK","@id":"https:\/\/www.m2c.eu\/sk\/m2c-je-sucastou-programu-erasmus\/#primaryimage","url":"https:\/\/www.m2c.eu\/wp-content\/uploads\/2023\/05\/Erasmus2-scaled.jpg","contentUrl":"https:\/\/www.m2c.eu\/wp-content\/uploads\/2023\/05\/Erasmus2-scaled.jpg","width":1920,"height":2560},{"@type":"BreadcrumbList","@id":"https:\/\/www.m2c.eu\/sk\/m2c-je-sucastou-programu-erasmus\/#breadcrumb","itemListElement":[{"@type":"ListItem","position":1,"name":"\u00davod","item":"https:\/\/www.m2c.eu\/sk\/"},{"@type":"ListItem","position":2,"name":"M2C je s\u00fa\u010das\u0165ou programu ERASMUS+"}]},{"@type":"WebSite","@id":"https:\/\/www.m2c.eu\/#website","url":"https:\/\/www.m2c.eu\/","name":"M2C","description":"Kompleksowa obs\u0142uga obiekt\u00f3w komercyjnych","publisher":{"@id":"https:\/\/www.m2c.eu\/#organization"},"potentialAction":[{"@type":"SearchAction","target":{"@type":"EntryPoint","urlTemplate":"https:\/\/www.m2c.eu\/?s={search_term_string}"},"query-input":{"@type":"PropertyValueSpecification","valueRequired":true,"valueName":"search_term_string"}}],"inLanguage":"sk-SK"},{"@type":"Organization","@id":"https:\/\/www.m2c.eu\/#organization","name":"M2C","url":"https:\/\/www.m2c.eu\/","logo":{"@type":"ImageObject","inLanguage":"sk-SK","@id":"https:\/\/www.m2c.eu\/#\/schema\/logo\/image\/","url":"https:\/\/www.m2c.eu\/wp-content\/uploads\/2021\/08\/logo-m2c.svg","contentUrl":"https:\/\/www.m2c.eu\/wp-content\/uploads\/2021\/08\/logo-m2c.svg","width":141,"height":40,"caption":"M2C"},"image":{"@id":"https:\/\/www.m2c.eu\/#\/schema\/logo\/image\/"}},{"@type":"Person","@id":"https:\/\/www.m2c.eu\/#\/schema\/person\/23a55ce990dcba75b63f44cc608b7db6","name":"Eva Kon\u016fpkov\u00e1","image":{"@type":"ImageObject","inLanguage":"sk-SK","@id":"https:\/\/secure.gravatar.com\/avatar\/9e8ec57395a0785e3a93876b676dfe8235da79579b7624338da3bebb73b38988?s=96&d=mm&r=g","url":"https:\/\/secure.gravatar.com\/avatar\/9e8ec57395a0785e3a93876b676dfe8235da79579b7624338da3bebb73b38988?s=96&d=mm&r=g","contentUrl":"https:\/\/secure.gravatar.com\/avatar\/9e8ec57395a0785e3a93876b676dfe8235da79579b7624338da3bebb73b38988?s=96&d=mm&r=g","caption":"Eva Kon\u016fpkov\u00e1"}}]}},"_links":{"self":[{"href":"https:\/\/www.m2c.eu\/sk\/wp-json\/wp\/v2\/posts\/11804","targetHints":{"allow":["GET"]}}],"collection":[{"href":"https:\/\/www.m2c.eu\/sk\/wp-json\/wp\/v2\/posts"}],"about":[{"href":"https:\/\/www.m2c.eu\/sk\/wp-json\/wp\/v2\/types\/post"}],"author":[{"embeddable":true,"href":"https:\/\/www.m2c.eu\/sk\/wp-json\/wp\/v2\/users\/8"}],"replies":[{"embeddable":true,"href":"https:\/\/www.m2c.eu\/sk\/wp-json\/wp\/v2\/comments?post=11804"}],"version-history":[{"count":1,"href":"https:\/\/www.m2c.eu\/sk\/wp-json\/wp\/v2\/posts\/11804\/revisions"}],"predecessor-version":[{"id":11805,"href":"https:\/\/www.m2c.eu\/sk\/wp-json\/wp\/v2\/posts\/11804\/revisions\/11805"}],"wp:featuredmedia":[{"embeddable":true,"href":"https:\/\/www.m2c.eu\/sk\/wp-json\/wp\/v2\/media\/11789"}],"wp:attachment":[{"href":"https:\/\/www.m2c.eu\/sk\/wp-json\/wp\/v2\/media?parent=11804"}],"wp:term":[{"taxonomy":"category","embeddable":true,"href":"https:\/\/www.m2c.eu\/sk\/wp-json\/wp\/v2\/categories?post=11804"},{"taxonomy":"post_tag","embeddable":true,"href":"https:\/\/www.m2c.eu\/sk\/wp-json\/wp\/v2\/tags?post=11804"}],"curies":[{"name":"wp","href":"https:\/\/api.w.org\/{rel}","templated":true}]}}