{"id":14017,"date":"2024-03-25T10:36:07","date_gmt":"2024-03-25T09:36:07","guid":{"rendered":"https:\/\/www.m2c.eu\/?post_type=blog-post&#038;p=14017"},"modified":"2024-03-25T10:36:07","modified_gmt":"2024-03-25T09:36:07","slug":"ochrana-v-obchodnych-centrach-v-roku-2o23-ochranili-sme-nie-len-vase-nakupy","status":"publish","type":"blog-post","link":"https:\/\/www.m2c.eu\/sk\/blog\/ochrana-v-obchodnych-centrach-v-roku-2o23-ochranili-sme-nie-len-vase-nakupy\/","title":{"rendered":"Ochrana v obchodn\u00fdch centr\u00e1ch v roku 2O23 : Ochr\u00e1nili sme, nie len va\u0161e n\u00e1kupy !"},"content":{"rendered":"<p>V roku 2023 sme sa v obchodn\u00fdch centr\u00e1ch postavili pred rast\u00face v\u00fdzvy v oblasti bezpe\u010dnosti a ochrany. S na\u0161ou SBS (Slu\u017ebou Bezpe\u010dnosti a Ochrany) sme akt\u00edvne pracovali na zlep\u0161en\u00ed bezpe\u010dnosti a ochrany n\u00e1v\u0161tevn\u00edkov a person\u00e1lu. Rovnako sme sa zaoberali probl\u00e9mami ako kr\u00e1de\u017ee, \u00fatoky na ochranku, vl\u00e1mania, v\u00fdtr\u017en\u00edctvo a nez\u00e1konn\u00e9 obchodovanie s drogami. Tu je poh\u013ead na niektor\u00e9 z na\u0161ich \u00faspechov a opatren\u00ed:<\/p>\n<p><strong> Prevencia kr\u00e1de\u017e\u00ed a z\u00e1sahy:<\/strong><\/p>\n<p><em> S 265 odhalen\u00fdmi<\/em> pr\u00edpadmi kr\u00e1de\u017e\u00ed sme svojou pr\u00edtomnos\u0165ou a akt\u00edvnymi bezpe\u010dnostn\u00fdmi opatreniami \u00faspe\u0161ne zamedzili mnoh\u00fdm pokusom o majetkov\u00fa trestn\u00fa \u010dinnos\u0165. Na\u0161i bezpe\u010dnostn\u00ed pracovn\u00edci boli na mieste, aby r\u00fdchlo zasiahli a ochr\u00e1nili majetok a bezpe\u010dnos\u0165 v\u0161etk\u00fdch pr\u00edtomn\u00fdch.<\/p>\n<p><strong> Ochrana pred fyzick\u00fdmi \u00fatokmi:<\/strong><\/p>\n<p><em>S 42 pr\u00edpadmi<\/em> napadnutia ochranky sme zv\u00fd\u0161ili bezpe\u010dnostn\u00e9 opatrenia a posilnili tr\u00e9ning na\u0161ich pracovn\u00edkov, aby boli schopn\u00ed efekt\u00edvne zvl\u00e1da\u0165 aj n\u00e1ro\u010dn\u00e9 situ\u00e1cie. Ich odborn\u00e1 pr\u00edprava a promptn\u00e1 reakcia prispeli k minimaliz\u00e1cii rizika pre v\u0161etk\u00fdch pr\u00edtomn\u00fdch.<\/p>\n<p><strong> Zlep\u0161enie bezpe\u010dnosti pred vl\u00e1man\u00edm a v\u00fdtr\u017en\u00edctvom:<\/strong><\/p>\n<p>S \u00faspe\u0161n\u00fdm odhalen\u00edm<em> 93 pr\u00edpadov pokusov o vl\u00e1manie a 70 z\u00e1sahmi v\u00fdtr\u017en\u00edctva<\/em> sme zv\u00fd\u0161ili monitorovanie a zabezpe\u010denie na\u0161ich obchodn\u00fdch centier. S modern\u00fdmi bezpe\u010dnostn\u00fdmi technol\u00f3giami a zosilnen\u00fdmi bezpe\u010dnostn\u00fdmi opatreniami sme zv\u00fd\u0161ili ochranu majetku a bezpe\u010dnos\u0165 n\u00e1v\u0161tevn\u00edkov.<\/p>\n<p><strong> Boj proti neleg\u00e1lnemu obchodovaniu s drogami:<\/strong><\/p>\n<p><em> S 6 odhalen\u00fdmi pr\u00edpadmi<\/em> obchodovania s drogami sme uk\u00e1zali, \u017ee sme nekompromisn\u00ed v boji proti nez\u00e1konn\u00fdm aktivit\u00e1m. Spolupr\u00e1ca so z\u00e1konov\u00fdmi org\u00e1nmi a zv\u00fd\u0161en\u00e1 pozornos\u0165 na monitorovanie podozriv\u00fdch aktiv\u00edt n\u00e1m umo\u017enili \u00faspe\u0161ne identifikova\u0165 a potla\u010di\u0165 tento z\u00e1va\u017en\u00fd probl\u00e9m.<\/p>\n<p><strong> Zachr\u00e1nenie \u017eivotov a poskytnutie pomoci:<\/strong><\/p>\n<p><em>S 32 pr\u00edpadmi zachr\u00e1nenia \u017eivotov a 42 poskytnutiami prvej pomoci<\/em> sme dok\u00e1zali, \u017ee na\u0161a SBS nie je len o bezpe\u010dnosti, ale aj o starostlivosti o na\u0161u komunitu. S tr\u00e9ningom v oblasti prvej pomoci a r\u00fdchlymi a efekt\u00edvnymi z\u00e1sahmi sme pomohli zachr\u00e1ni\u0165 \u017eivoty a poskytn\u00fa\u0165 pomoc v n\u00fadzi.<\/p>\n<p><strong>N\u00e1jdenie straten\u00fdch det\u00ed a n\u00e1lezov:<\/strong><\/p>\n<p><em> S 45 pr\u00edpadmi n\u00e1jden\u00fdch a op\u00e4\u0165 zjednoten\u00fdch det\u00ed a 1362 n\u00e1lezmi<\/em> a str\u00e1tami sme zabezpe\u010dili, aby na\u0161e obchodn\u00e9 centr\u00e1 boli bezpe\u010dn\u00fdm miestom aj pre najmen\u0161\u00edch. Na\u0161a SBS je akt\u00edvne anga\u017eovan\u00e1 v monitorovan\u00ed prostredia a poskytovan\u00ed pomoci v pr\u00edpade straten\u00fdch det\u00ed a nezvestn\u00fdch os\u00f4b.<\/p>\n<p>V roku 2023 sme si uvedomili, \u017ee bezpe\u010dnos\u0165 a ochrana na\u0161ich obchodn\u00fdch centier je n\u00e1\u0161 z\u00e1v\u00e4zok vo\u010di na\u0161ej komunite. S na\u0161ou SBS sme pokra\u010dovali v posil\u0148ovan\u00ed bezpe\u010dnostn\u00fdch opatren\u00ed a zlep\u0161ovan\u00ed reakcie na r\u00f4zne bezpe\u010dnostn\u00e9 hrozby, aby sme vytvorili bezpe\u010dn\u00e9 a pr\u00edjemn\u00e9 prostredie pre v\u0161etk\u00fdch n\u00e1v\u0161tevn\u00edkov a zamestnancov.<\/p>\n","protected":false},"author":24,"featured_media":14007,"template":"","class_list":["post-14017","blog-post","type-blog-post","status-publish","has-post-thumbnail","hentry"],"yoast_head":"<!-- This site is optimized with the Yoast SEO plugin v27.5 - https:\/\/yoast.com\/product\/yoast-seo-wordpress\/ -->\n<title>Ochrana v obchodn\u00fdch centr\u00e1ch v roku 2O23 : Ochr\u00e1nili sme, nie len va\u0161e n\u00e1kupy ! | M2C<\/title>\n<meta name=\"robots\" content=\"index, follow, max-snippet:-1, max-image-preview:large, max-video-preview:-1\" \/>\n<link rel=\"canonical\" href=\"https:\/\/www.m2c.eu\/sk\/blog\/ochrana-v-obchodnych-centrach-v-roku-2o23-ochranili-sme-nie-len-vase-nakupy\/\" \/>\n<meta property=\"og:locale\" content=\"sk_SK\" \/>\n<meta property=\"og:type\" content=\"article\" \/>\n<meta property=\"og:title\" content=\"Ochrana v obchodn\u00fdch centr\u00e1ch v roku 2O23 : Ochr\u00e1nili sme, nie len va\u0161e n\u00e1kupy ! | M2C\" \/>\n<meta property=\"og:description\" content=\"V roku 2023 sme sa v obchodn\u00fdch centr\u00e1ch postavili pred rast\u00face v\u00fdzvy v oblasti bezpe\u010dnosti a ochrany. S na\u0161ou SBS (Slu\u017ebou Bezpe\u010dnosti a Ochrany) sme akt\u00edvne pracovali na zlep\u0161en\u00ed bezpe\u010dnosti a ochrany n\u00e1v\u0161tevn\u00edkov a person\u00e1lu. Rovnako sme sa zaoberali probl\u00e9mami ako kr\u00e1de\u017ee, \u00fatoky na ochranku, vl\u00e1mania, v\u00fdtr\u017en\u00edctvo a nez\u00e1konn\u00e9 obchodovanie s drogami. Tu je poh\u013ead...\" \/>\n<meta property=\"og:url\" content=\"https:\/\/www.m2c.eu\/sk\/blog\/ochrana-v-obchodnych-centrach-v-roku-2o23-ochranili-sme-nie-len-vase-nakupy\/\" \/>\n<meta property=\"og:site_name\" content=\"M2C\" \/>\n<meta property=\"og:image\" content=\"https:\/\/www.m2c.eu\/wp-content\/uploads\/2024\/03\/Rt9yOdBoCJKi9maYIQpv.jpg\" \/>\n\t<meta property=\"og:image:width\" content=\"2134\" \/>\n\t<meta property=\"og:image:height\" content=\"1200\" \/>\n\t<meta property=\"og:image:type\" content=\"image\/jpeg\" \/>\n<meta name=\"twitter:card\" content=\"summary_large_image\" \/>\n<meta name=\"twitter:label1\" content=\"Predpokladan\u00fd \u010das \u010d\u00edtania\" \/>\n\t<meta name=\"twitter:data1\" content=\"3 min\u00faty\" \/>\n<!-- \/ Yoast SEO plugin. -->","yoast_head_json":{"title":"Ochrana v obchodn\u00fdch centr\u00e1ch v roku 2O23 : Ochr\u00e1nili sme, nie len va\u0161e n\u00e1kupy ! | M2C","robots":{"index":"index","follow":"follow","max-snippet":"max-snippet:-1","max-image-preview":"max-image-preview:large","max-video-preview":"max-video-preview:-1"},"canonical":"https:\/\/www.m2c.eu\/sk\/blog\/ochrana-v-obchodnych-centrach-v-roku-2o23-ochranili-sme-nie-len-vase-nakupy\/","og_locale":"sk_SK","og_type":"article","og_title":"Ochrana v obchodn\u00fdch centr\u00e1ch v roku 2O23 : Ochr\u00e1nili sme, nie len va\u0161e n\u00e1kupy ! | M2C","og_description":"V roku 2023 sme sa v obchodn\u00fdch centr\u00e1ch postavili pred rast\u00face v\u00fdzvy v oblasti bezpe\u010dnosti a ochrany. S na\u0161ou SBS (Slu\u017ebou Bezpe\u010dnosti a Ochrany) sme akt\u00edvne pracovali na zlep\u0161en\u00ed bezpe\u010dnosti a ochrany n\u00e1v\u0161tevn\u00edkov a person\u00e1lu. Rovnako sme sa zaoberali probl\u00e9mami ako kr\u00e1de\u017ee, \u00fatoky na ochranku, vl\u00e1mania, v\u00fdtr\u017en\u00edctvo a nez\u00e1konn\u00e9 obchodovanie s drogami. Tu je poh\u013ead...","og_url":"https:\/\/www.m2c.eu\/sk\/blog\/ochrana-v-obchodnych-centrach-v-roku-2o23-ochranili-sme-nie-len-vase-nakupy\/","og_site_name":"M2C","og_image":[{"width":2134,"height":1200,"url":"https:\/\/www.m2c.eu\/wp-content\/uploads\/2024\/03\/Rt9yOdBoCJKi9maYIQpv.jpg","type":"image\/jpeg"}],"twitter_card":"summary_large_image","twitter_misc":{"Predpokladan\u00fd \u010das \u010d\u00edtania":"3 min\u00faty"},"schema":{"@context":"https:\/\/schema.org","@graph":[{"@type":"WebPage","@id":"https:\/\/www.m2c.eu\/sk\/blog\/ochrana-v-obchodnych-centrach-v-roku-2o23-ochranili-sme-nie-len-vase-nakupy\/","url":"https:\/\/www.m2c.eu\/sk\/blog\/ochrana-v-obchodnych-centrach-v-roku-2o23-ochranili-sme-nie-len-vase-nakupy\/","name":"Ochrana v obchodn\u00fdch centr\u00e1ch v roku 2O23 : Ochr\u00e1nili sme, nie len va\u0161e n\u00e1kupy ! | M2C","isPartOf":{"@id":"https:\/\/www.m2c.eu\/#website"},"primaryImageOfPage":{"@id":"https:\/\/www.m2c.eu\/sk\/blog\/ochrana-v-obchodnych-centrach-v-roku-2o23-ochranili-sme-nie-len-vase-nakupy\/#primaryimage"},"image":{"@id":"https:\/\/www.m2c.eu\/sk\/blog\/ochrana-v-obchodnych-centrach-v-roku-2o23-ochranili-sme-nie-len-vase-nakupy\/#primaryimage"},"thumbnailUrl":"https:\/\/www.m2c.eu\/wp-content\/uploads\/2024\/03\/Rt9yOdBoCJKi9maYIQpv.jpg","datePublished":"2024-03-25T09:36:07+00:00","breadcrumb":{"@id":"https:\/\/www.m2c.eu\/sk\/blog\/ochrana-v-obchodnych-centrach-v-roku-2o23-ochranili-sme-nie-len-vase-nakupy\/#breadcrumb"},"inLanguage":"sk-SK","potentialAction":[{"@type":"ReadAction","target":["https:\/\/www.m2c.eu\/sk\/blog\/ochrana-v-obchodnych-centrach-v-roku-2o23-ochranili-sme-nie-len-vase-nakupy\/"]}]},{"@type":"ImageObject","inLanguage":"sk-SK","@id":"https:\/\/www.m2c.eu\/sk\/blog\/ochrana-v-obchodnych-centrach-v-roku-2o23-ochranili-sme-nie-len-vase-nakupy\/#primaryimage","url":"https:\/\/www.m2c.eu\/wp-content\/uploads\/2024\/03\/Rt9yOdBoCJKi9maYIQpv.jpg","contentUrl":"https:\/\/www.m2c.eu\/wp-content\/uploads\/2024\/03\/Rt9yOdBoCJKi9maYIQpv.jpg","width":2134,"height":1200},{"@type":"BreadcrumbList","@id":"https:\/\/www.m2c.eu\/sk\/blog\/ochrana-v-obchodnych-centrach-v-roku-2o23-ochranili-sme-nie-len-vase-nakupy\/#breadcrumb","itemListElement":[{"@type":"ListItem","position":1,"name":"\u00davod","item":"https:\/\/www.m2c.eu\/sk\/"},{"@type":"ListItem","position":2,"name":"Blog","item":"https:\/\/www.m2c.eu\/sk\/blog\/"},{"@type":"ListItem","position":3,"name":"Ochrana v obchodn\u00fdch centr\u00e1ch v roku 2O23 : Ochr\u00e1nili sme, nie len va\u0161e n\u00e1kupy !"}]},{"@type":"WebSite","@id":"https:\/\/www.m2c.eu\/#website","url":"https:\/\/www.m2c.eu\/","name":"M2C","description":"Kompleksowa obs\u0142uga obiekt\u00f3w komercyjnych","publisher":{"@id":"https:\/\/www.m2c.eu\/#organization"},"potentialAction":[{"@type":"SearchAction","target":{"@type":"EntryPoint","urlTemplate":"https:\/\/www.m2c.eu\/?s={search_term_string}"},"query-input":{"@type":"PropertyValueSpecification","valueRequired":true,"valueName":"search_term_string"}}],"inLanguage":"sk-SK"},{"@type":"Organization","@id":"https:\/\/www.m2c.eu\/#organization","name":"M2C","url":"https:\/\/www.m2c.eu\/","logo":{"@type":"ImageObject","inLanguage":"sk-SK","@id":"https:\/\/www.m2c.eu\/#\/schema\/logo\/image\/","url":"https:\/\/www.m2c.eu\/wp-content\/uploads\/2021\/08\/logo-m2c.svg","contentUrl":"https:\/\/www.m2c.eu\/wp-content\/uploads\/2021\/08\/logo-m2c.svg","width":141,"height":40,"caption":"M2C"},"image":{"@id":"https:\/\/www.m2c.eu\/#\/schema\/logo\/image\/"}}]}},"_links":{"self":[{"href":"https:\/\/www.m2c.eu\/sk\/wp-json\/wp\/v2\/blog-post\/14017","targetHints":{"allow":["GET"]}}],"collection":[{"href":"https:\/\/www.m2c.eu\/sk\/wp-json\/wp\/v2\/blog-post"}],"about":[{"href":"https:\/\/www.m2c.eu\/sk\/wp-json\/wp\/v2\/types\/blog-post"}],"author":[{"embeddable":true,"href":"https:\/\/www.m2c.eu\/sk\/wp-json\/wp\/v2\/users\/24"}],"wp:featuredmedia":[{"embeddable":true,"href":"https:\/\/www.m2c.eu\/sk\/wp-json\/wp\/v2\/media\/14007"}],"wp:attachment":[{"href":"https:\/\/www.m2c.eu\/sk\/wp-json\/wp\/v2\/media?parent=14017"}],"curies":[{"name":"wp","href":"https:\/\/api.w.org\/{rel}","templated":true}]}}