{"id":16704,"date":"2024-12-17T15:34:23","date_gmt":"2024-12-17T14:34:23","guid":{"rendered":"https:\/\/www.m2c.eu\/?p=16704"},"modified":"2024-12-17T15:43:49","modified_gmt":"2024-12-17T14:43:49","slug":"ruperea-barierelor-in-acest-craciun","status":"publish","type":"post","link":"https:\/\/www.m2c.eu\/ro\/ruperea-barierelor-in-acest-craciun\/","title":{"rendered":"Ruperea barierelor \u00een acest Cr\u0103ciun"},"content":{"rendered":"<h1>M2C \u0219i DisWay sprijin\u0103 c\u0103l\u0103toriile accesibile<\/h1>\n<p>\u00cen acest sezon de s\u0103rb\u0103tori, M2C este \u00eenc\u00e2ntat s\u0103 colaboreze cu Disway, un proiect dedicat cre\u0103rii de oportunit\u0103\u021bi de c\u0103l\u0103torie f\u0103r\u0103 bariere pentru c\u0103l\u0103torii cu handicap. \u00cempreun\u0103, am sprijinit traseul M2C, care face parte din traseul celor trei \u021b\u0103ri care leag\u0103 Republica Ceh\u0103, Polonia \u0219i Germania &#8211; un adev\u0103rat simbol al incluziunii, unit\u0103\u021bii \u0219i aventurilor f\u0103r\u0103 limite.<\/p>\n<p>\u00cen locul cadourilor tradi\u021bionale, am ales s\u0103 sprijinim Disway financiar, contribuind astfel la realizarea unei diferen\u021be reale. Pentru a \u00eemp\u0103rt\u0103\u0219i spiritul s\u0103rb\u0103torilor, am creat, de asemenea, un videoclip special pentru a le ura partenerilor no\u0219tri toate cele bune \u00een 2025.<\/p>\n<p>&nbsp;<\/p>\n<p>Urm\u0103ri\u021bi videoclipul \u0219i al\u0103tura\u021bi-v\u0103 nou\u0103 \u00een sus\u021binerea acestei cauze semnificative!<\/p>\n<p>Ne pute\u021bi urm\u0103ri \u0219i, de asemenea, sprijini Disway la link-ul din videoclip.<\/p>\n<p><a href=\"https:\/\/pf.m2c.eu\/\" target=\"_blank\" rel=\"noopener\">https:\/\/pf.m2c.eu\/<\/a><\/p>\n<a href=\"https:\/\/pf.m2c.eu\/\" target=\"_blank\" rel=\"noopener\"><img loading=\"lazy\" decoding=\"async\" class=\"alignnone wp-image-16684 size-large\" src=\"data:image\/gif;base64,R0lGODlhAQABAIAAAAAAAP\/\/\/yH5BAEAAAAALAAAAAABAAEAAAIBRAA7\" data-src=\"https:\/\/www.m2c.eu\/wp-content\/uploads\/2024\/12\/PF-1024x558.jpg\" alt=\"\" width=\"1024\" height=\"558\" srcset=\"data:image\/gif;base64,R0lGODlhAQABAIAAAAAAAP\/\/\/yH5BAEAAAAALAAAAAABAAEAAAIBRAA7\" data-srcset=\"https:\/\/www.m2c.eu\/wp-content\/uploads\/2024\/12\/PF-1024x558.jpg 1024w, https:\/\/www.m2c.eu\/wp-content\/uploads\/2024\/12\/PF-300x164.jpg 300w, https:\/\/www.m2c.eu\/wp-content\/uploads\/2024\/12\/PF-768x419.jpg 768w, https:\/\/www.m2c.eu\/wp-content\/uploads\/2024\/12\/PF-1536x837.jpg 1536w, https:\/\/www.m2c.eu\/wp-content\/uploads\/2024\/12\/PF.jpg 1543w\" sizes=\"auto, (max-width: 1024px) 100vw, 1024px\" \/><\/a>\n","protected":false},"excerpt":{"rendered":"<p>M2C \u0219i DisWay sprijin\u0103 c\u0103l\u0103toriile accesibile \u00cen acest sezon de s\u0103rb\u0103tori, M2C este \u00eenc\u00e2ntat s\u0103 colaboreze cu Disway, un proiect dedicat cre\u0103rii de oportunit\u0103\u021bi de c\u0103l\u0103torie f\u0103r\u0103 bariere pentru c\u0103l\u0103torii cu handicap. \u00cempreun\u0103, am sprijinit traseul M2C, care face parte din traseul celor trei \u021b\u0103ri care leag\u0103 Republica Ceh\u0103, Polonia \u0219i Germania &#8211; un adev\u0103rat&#8230;<\/p>\n","protected":false},"author":8,"featured_media":16684,"comment_status":"open","ping_status":"open","sticky":false,"template":"","format":"standard","meta":{"_monsterinsights_skip_tracking":false,"_monsterinsights_sitenote_active":false,"_monsterinsights_sitenote_note":"","_monsterinsights_sitenote_category":0,"footnotes":""},"categories":[17],"tags":[],"class_list":["post-16704","post","type-post","status-publish","format-standard","has-post-thumbnail","hentry","category-uncategorized-ro"],"yoast_head":"<!-- This site is optimized with the Yoast SEO plugin v27.5 - https:\/\/yoast.com\/product\/yoast-seo-wordpress\/ -->\n<title>Ruperea barierelor \u00een acest Cr\u0103ciun | M2C<\/title>\n<meta name=\"robots\" content=\"index, follow, max-snippet:-1, max-image-preview:large, max-video-preview:-1\" \/>\n<link rel=\"canonical\" href=\"https:\/\/www.m2c.eu\/ro\/ruperea-barierelor-in-acest-craciun\/\" \/>\n<meta property=\"og:locale\" content=\"ro_RO\" \/>\n<meta property=\"og:type\" content=\"article\" \/>\n<meta property=\"og:title\" content=\"Ruperea barierelor \u00een acest Cr\u0103ciun | M2C\" \/>\n<meta property=\"og:description\" content=\"M2C \u0219i DisWay sprijin\u0103 c\u0103l\u0103toriile accesibile \u00cen acest sezon de s\u0103rb\u0103tori, M2C este \u00eenc\u00e2ntat s\u0103 colaboreze cu Disway, un proiect dedicat cre\u0103rii de oportunit\u0103\u021bi de c\u0103l\u0103torie f\u0103r\u0103 bariere pentru c\u0103l\u0103torii cu handicap. \u00cempreun\u0103, am sprijinit traseul M2C, care face parte din traseul celor trei \u021b\u0103ri care leag\u0103 Republica Ceh\u0103, Polonia \u0219i Germania &#8211; un adev\u0103rat...\" \/>\n<meta property=\"og:url\" content=\"https:\/\/www.m2c.eu\/ro\/ruperea-barierelor-in-acest-craciun\/\" \/>\n<meta property=\"og:site_name\" content=\"M2C\" \/>\n<meta property=\"article:published_time\" content=\"2024-12-17T14:34:23+00:00\" \/>\n<meta property=\"article:modified_time\" content=\"2024-12-17T14:43:49+00:00\" \/>\n<meta property=\"og:image\" content=\"https:\/\/www.m2c.eu\/wp-content\/uploads\/2024\/12\/PF.jpg\" \/>\n\t<meta property=\"og:image:width\" content=\"1543\" \/>\n\t<meta property=\"og:image:height\" content=\"841\" \/>\n\t<meta property=\"og:image:type\" content=\"image\/jpeg\" \/>\n<meta name=\"author\" content=\"Eva Kon\u016fpkov\u00e1\" \/>\n<meta name=\"twitter:card\" content=\"summary_large_image\" \/>\n<meta name=\"twitter:label1\" content=\"Scris de\" \/>\n\t<meta name=\"twitter:data1\" content=\"Eva Kon\u016fpkov\u00e1\" \/>\n\t<meta name=\"twitter:label2\" content=\"Timp estimat pentru citire\" \/>\n\t<meta name=\"twitter:data2\" content=\"2 minute\" \/>\n<!-- \/ Yoast SEO plugin. -->","yoast_head_json":{"title":"Ruperea barierelor \u00een acest Cr\u0103ciun | M2C","robots":{"index":"index","follow":"follow","max-snippet":"max-snippet:-1","max-image-preview":"max-image-preview:large","max-video-preview":"max-video-preview:-1"},"canonical":"https:\/\/www.m2c.eu\/ro\/ruperea-barierelor-in-acest-craciun\/","og_locale":"ro_RO","og_type":"article","og_title":"Ruperea barierelor \u00een acest Cr\u0103ciun | M2C","og_description":"M2C \u0219i DisWay sprijin\u0103 c\u0103l\u0103toriile accesibile \u00cen acest sezon de s\u0103rb\u0103tori, M2C este \u00eenc\u00e2ntat s\u0103 colaboreze cu Disway, un proiect dedicat cre\u0103rii de oportunit\u0103\u021bi de c\u0103l\u0103torie f\u0103r\u0103 bariere pentru c\u0103l\u0103torii cu handicap. \u00cempreun\u0103, am sprijinit traseul M2C, care face parte din traseul celor trei \u021b\u0103ri care leag\u0103 Republica Ceh\u0103, Polonia \u0219i Germania &#8211; un adev\u0103rat...","og_url":"https:\/\/www.m2c.eu\/ro\/ruperea-barierelor-in-acest-craciun\/","og_site_name":"M2C","article_published_time":"2024-12-17T14:34:23+00:00","article_modified_time":"2024-12-17T14:43:49+00:00","og_image":[{"width":1543,"height":841,"url":"https:\/\/www.m2c.eu\/wp-content\/uploads\/2024\/12\/PF.jpg","type":"image\/jpeg"}],"author":"Eva Kon\u016fpkov\u00e1","twitter_card":"summary_large_image","twitter_misc":{"Scris de":"Eva Kon\u016fpkov\u00e1","Timp estimat pentru citire":"2 minute"},"schema":{"@context":"https:\/\/schema.org","@graph":[{"@type":"Article","@id":"https:\/\/www.m2c.eu\/ro\/ruperea-barierelor-in-acest-craciun\/#article","isPartOf":{"@id":"https:\/\/www.m2c.eu\/ro\/ruperea-barierelor-in-acest-craciun\/"},"author":{"name":"Eva Kon\u016fpkov\u00e1","@id":"https:\/\/www.m2c.eu\/#\/schema\/person\/23a55ce990dcba75b63f44cc608b7db6"},"headline":"Ruperea barierelor \u00een acest Cr\u0103ciun","datePublished":"2024-12-17T14:34:23+00:00","dateModified":"2024-12-17T14:43:49+00:00","mainEntityOfPage":{"@id":"https:\/\/www.m2c.eu\/ro\/ruperea-barierelor-in-acest-craciun\/"},"wordCount":168,"commentCount":0,"publisher":{"@id":"https:\/\/www.m2c.eu\/#organization"},"image":{"@id":"https:\/\/www.m2c.eu\/ro\/ruperea-barierelor-in-acest-craciun\/#primaryimage"},"thumbnailUrl":"https:\/\/www.m2c.eu\/wp-content\/uploads\/2024\/12\/PF.jpg","articleSection":["Ce este nou"],"inLanguage":"ro-RO","potentialAction":[{"@type":"CommentAction","name":"Comment","target":["https:\/\/www.m2c.eu\/ro\/ruperea-barierelor-in-acest-craciun\/#respond"]}]},{"@type":"WebPage","@id":"https:\/\/www.m2c.eu\/ro\/ruperea-barierelor-in-acest-craciun\/","url":"https:\/\/www.m2c.eu\/ro\/ruperea-barierelor-in-acest-craciun\/","name":"Ruperea barierelor \u00een acest Cr\u0103ciun | M2C","isPartOf":{"@id":"https:\/\/www.m2c.eu\/#website"},"primaryImageOfPage":{"@id":"https:\/\/www.m2c.eu\/ro\/ruperea-barierelor-in-acest-craciun\/#primaryimage"},"image":{"@id":"https:\/\/www.m2c.eu\/ro\/ruperea-barierelor-in-acest-craciun\/#primaryimage"},"thumbnailUrl":"https:\/\/www.m2c.eu\/wp-content\/uploads\/2024\/12\/PF.jpg","datePublished":"2024-12-17T14:34:23+00:00","dateModified":"2024-12-17T14:43:49+00:00","breadcrumb":{"@id":"https:\/\/www.m2c.eu\/ro\/ruperea-barierelor-in-acest-craciun\/#breadcrumb"},"inLanguage":"ro-RO","potentialAction":[{"@type":"ReadAction","target":["https:\/\/www.m2c.eu\/ro\/ruperea-barierelor-in-acest-craciun\/"]}]},{"@type":"ImageObject","inLanguage":"ro-RO","@id":"https:\/\/www.m2c.eu\/ro\/ruperea-barierelor-in-acest-craciun\/#primaryimage","url":"https:\/\/www.m2c.eu\/wp-content\/uploads\/2024\/12\/PF.jpg","contentUrl":"https:\/\/www.m2c.eu\/wp-content\/uploads\/2024\/12\/PF.jpg","width":1543,"height":841},{"@type":"BreadcrumbList","@id":"https:\/\/www.m2c.eu\/ro\/ruperea-barierelor-in-acest-craciun\/#breadcrumb","itemListElement":[{"@type":"ListItem","position":1,"name":"\u00davod","item":"https:\/\/www.m2c.eu\/ro\/"},{"@type":"ListItem","position":2,"name":"Ruperea barierelor \u00een acest Cr\u0103ciun"}]},{"@type":"WebSite","@id":"https:\/\/www.m2c.eu\/#website","url":"https:\/\/www.m2c.eu\/","name":"M2C","description":"Kompleksowa obs\u0142uga obiekt\u00f3w komercyjnych","publisher":{"@id":"https:\/\/www.m2c.eu\/#organization"},"potentialAction":[{"@type":"SearchAction","target":{"@type":"EntryPoint","urlTemplate":"https:\/\/www.m2c.eu\/?s={search_term_string}"},"query-input":{"@type":"PropertyValueSpecification","valueRequired":true,"valueName":"search_term_string"}}],"inLanguage":"ro-RO"},{"@type":"Organization","@id":"https:\/\/www.m2c.eu\/#organization","name":"M2C","url":"https:\/\/www.m2c.eu\/","logo":{"@type":"ImageObject","inLanguage":"ro-RO","@id":"https:\/\/www.m2c.eu\/#\/schema\/logo\/image\/","url":"https:\/\/www.m2c.eu\/wp-content\/uploads\/2021\/08\/logo-m2c.svg","contentUrl":"https:\/\/www.m2c.eu\/wp-content\/uploads\/2021\/08\/logo-m2c.svg","width":141,"height":40,"caption":"M2C"},"image":{"@id":"https:\/\/www.m2c.eu\/#\/schema\/logo\/image\/"}},{"@type":"Person","@id":"https:\/\/www.m2c.eu\/#\/schema\/person\/23a55ce990dcba75b63f44cc608b7db6","name":"Eva Kon\u016fpkov\u00e1","image":{"@type":"ImageObject","inLanguage":"ro-RO","@id":"https:\/\/secure.gravatar.com\/avatar\/9e8ec57395a0785e3a93876b676dfe8235da79579b7624338da3bebb73b38988?s=96&d=mm&r=g","url":"https:\/\/secure.gravatar.com\/avatar\/9e8ec57395a0785e3a93876b676dfe8235da79579b7624338da3bebb73b38988?s=96&d=mm&r=g","contentUrl":"https:\/\/secure.gravatar.com\/avatar\/9e8ec57395a0785e3a93876b676dfe8235da79579b7624338da3bebb73b38988?s=96&d=mm&r=g","caption":"Eva Kon\u016fpkov\u00e1"}}]}},"_links":{"self":[{"href":"https:\/\/www.m2c.eu\/ro\/wp-json\/wp\/v2\/posts\/16704","targetHints":{"allow":["GET"]}}],"collection":[{"href":"https:\/\/www.m2c.eu\/ro\/wp-json\/wp\/v2\/posts"}],"about":[{"href":"https:\/\/www.m2c.eu\/ro\/wp-json\/wp\/v2\/types\/post"}],"author":[{"embeddable":true,"href":"https:\/\/www.m2c.eu\/ro\/wp-json\/wp\/v2\/users\/8"}],"replies":[{"embeddable":true,"href":"https:\/\/www.m2c.eu\/ro\/wp-json\/wp\/v2\/comments?post=16704"}],"version-history":[{"count":2,"href":"https:\/\/www.m2c.eu\/ro\/wp-json\/wp\/v2\/posts\/16704\/revisions"}],"predecessor-version":[{"id":16712,"href":"https:\/\/www.m2c.eu\/ro\/wp-json\/wp\/v2\/posts\/16704\/revisions\/16712"}],"wp:featuredmedia":[{"embeddable":true,"href":"https:\/\/www.m2c.eu\/ro\/wp-json\/wp\/v2\/media\/16684"}],"wp:attachment":[{"href":"https:\/\/www.m2c.eu\/ro\/wp-json\/wp\/v2\/media?parent=16704"}],"wp:term":[{"taxonomy":"category","embeddable":true,"href":"https:\/\/www.m2c.eu\/ro\/wp-json\/wp\/v2\/categories?post=16704"},{"taxonomy":"post_tag","embeddable":true,"href":"https:\/\/www.m2c.eu\/ro\/wp-json\/wp\/v2\/tags?post=16704"}],"curies":[{"name":"wp","href":"https:\/\/api.w.org\/{rel}","templated":true}]}}