{"id":19129,"date":"2025-05-10T08:22:25","date_gmt":"2025-05-10T06:22:25","guid":{"rendered":"https:\/\/www.m2c.eu\/?post_type=blog-post&#038;p=19129"},"modified":"2025-06-11T08:29:02","modified_gmt":"2025-06-11T06:29:02","slug":"mobilne-grupy-fm","status":"publish","type":"blog-post","link":"https:\/\/www.m2c.eu\/pl\/blog\/mobilne-grupy-fm\/","title":{"rendered":"Mobilne grupy FM"},"content":{"rendered":"<h2 data-start=\"157\" data-end=\"225\"><strong data-start=\"160\" data-end=\"225\">Technik na telefon, efektywno\u015b\u0107 na miejscu<\/strong><\/h2>\n<p data-start=\"227\" data-end=\"605\">W dynamicznie rozwijaj\u0105cym si\u0119 \u015bwiecie nieruchomo\u015bci komercyjnych, zarz\u0105dzanie obiektami to nie tylko kwestia organizacji codziennej pracy, ale r\u00f3wnie\u017c umiej\u0119tno\u015b\u0107 szybkiego reagowania na awarie, potrzeby techniczne i oczekiwania najemc\u00f3w. Coraz wi\u0119cej firm si\u0119ga po rozwi\u0105zanie, kt\u00f3re \u0142\u0105czy elastyczno\u015b\u0107, efektywno\u015b\u0107 i specjalistyczn\u0105 wiedz\u0119: mobilne grupy facility management.<\/p>\n<h3 data-start=\"607\" data-end=\"636\">Czym s\u0105 mobilne grupy FM?<\/h3>\n<p data-start=\"638\" data-end=\"1044\">Podobnie jak patrole interwencyjne w ochronie, mobilne grupy FM to zespo\u0142y technik\u00f3w, elektryk\u00f3w i konserwator\u00f3w, kt\u00f3rzy przemieszczaj\u0105 si\u0119 pomi\u0119dzy obiektami na okre\u015blonym obszarze i interweniuj\u0105 tam, gdzie s\u0105 akurat potrzebni. Nie s\u0105 przypisani do jednego budynku \u2013 ich mobilno\u015b\u0107 pozwala skraca\u0107 czas reakcji, ogranicza\u0107 koszty i zapewnia\u0107 ci\u0105g\u0142o\u015b\u0107 obs\u0142ugi technicznej dla wielu lokalizacji jednocze\u015bnie.<\/p>\n<h3 data-start=\"1046\" data-end=\"1104\">Dlaczego warto postawi\u0107 na mobiln\u0105 obs\u0142ug\u0119 techniczn\u0105?<\/h3>\n<p data-start=\"1106\" data-end=\"1501\">To rozwi\u0105zanie, kt\u00f3re przynosi realne korzy\u015bci. W obiektach, kt\u00f3re nie wymagaj\u0105 sta\u0142ej obecno\u015bci technika, utrzymywanie pracownika na miejscu mo\u017ce okaza\u0107 si\u0119 nieefektywne. Mobilna grupa FM to elastyczny model \u2013 p\u0142acisz za wykonanie konkretnej us\u0142ugi, nie za obecno\u015b\u0107. Co wi\u0119cej, ca\u0142a odpowiedzialno\u015b\u0107 za organizacj\u0119 pracy, dost\u0119pno\u015b\u0107 narz\u0119dzi czy auta serwisowego le\u017cy po stronie dostawcy us\u0142ug.<\/p>\n<p data-start=\"1503\" data-end=\"1738\">Efekt? Ni\u017csze koszty dla w\u0142a\u015bciciela obiektu lub najemc\u00f3w i wi\u0119ksza elastyczno\u015b\u0107 dla zarz\u0105dcy. To rozwi\u0105zanie szczeg\u00f3lnie sprawdza si\u0119 w rozproszonych portfelach nieruchomo\u015bci lub tam, gdzie wyst\u0119puj\u0105 tylko okresowe potrzeby serwisowe.<\/p>\n<h3 data-start=\"1740\" data-end=\"1786\">Nie tylko konserwacja, ale realne wsparcie<\/h3>\n<p data-start=\"1788\" data-end=\"2128\">Mobilni technicy nie ograniczaj\u0105 si\u0119 do prostych napraw. Mog\u0105 wykonywa\u0107 zar\u00f3wno podstawow\u0105 konserwacj\u0119 instalacji, jak i bardziej zaawansowane zadania \u2013 od prac elektrycznych po monta\u017c system\u00f3w. To odci\u0105\u017ca zarz\u0105dc\u0119 nieruchomo\u015bci, kt\u00f3ry mo\u017ce skupi\u0107 si\u0119 na dzia\u0142aniach strategicznych, maj\u0105c pewno\u015b\u0107, \u017ce kwestie techniczne s\u0105 w dobrych r\u0119kach.<\/p>\n<p data-start=\"2130\" data-end=\"2464\">Co ciekawe \u2013 mobilny technik ma cz\u0119sto \u015bwie\u017csze spojrzenie na obiekt ni\u017c sta\u0142y pracownik. Nie \u201ezasiedzia\u0142 si\u0119\u201d w budynku, nie pomija rzeczy z przyzwyczajenia. A poniewa\u017c firmy FM inwestuj\u0105 w rozw\u00f3j i wyposa\u017cenie swoich zespo\u0142\u00f3w, cz\u0119sto wdra\u017caj\u0105 nowoczesne, bardziej efektywne rozwi\u0105zania, kt\u00f3re mog\u0105 umkn\u0105\u0107 w tradycyjnych strukturach.<\/p>\n<h3 data-start=\"2466\" data-end=\"2516\">Cyfrowe zg\u0142oszenia = lepsza kontrola i analiza<\/h3>\n<p data-start=\"2518\" data-end=\"2932\">Wsp\u00f3\u0142czesne systemy zg\u0142osze\u0144, jak np. mLog, pozwalaj\u0105 zarz\u0105dza\u0107 ka\u017cdym wezwaniem technicznym w spos\u00f3b przejrzysty i zarchiwizowany. Do zg\u0142oszenia mo\u017cna doda\u0107 zdj\u0119cie, film, opis, a p\u00f3\u017aniej \u015bledzi\u0107, kto je zg\u0142osi\u0142, kiedy, co zosta\u0142o zrobione i w jakim czasie. Dzi\u0119ki temu \u0142atwiej zarz\u0105dza\u0107 serwisem, kontrolowa\u0107 jako\u015b\u0107 i wychwytywa\u0107 powtarzaj\u0105ce si\u0119 problemy \u2013 co prowadzi do bardziej \u015bwiadomego utrzymania obiektu.<\/p>\n<h3 data-start=\"2934\" data-end=\"2988\">Mobilne grupy FM to przysz\u0142o\u015b\u0107 obs\u0142ugi technicznej<\/h3>\n<p data-start=\"2990\" data-end=\"3314\">W miar\u0119 jak rynek nieruchomo\u015bci komercyjnych w Polsce dojrzewa i staje si\u0119 coraz bardziej wymagaj\u0105cy, mobilne zespo\u0142y techniczne odgrywaj\u0105 kluczow\u0105 rol\u0119. Dzi\u0119ki integracji z rozwi\u0105zaniami IoT,\u00a0 zdalnym monitorowaniem i analiz\u0105 danych, mo\u017cliwe staje si\u0119 przewidywanie awarii zanim wyst\u0105pi\u0105 \u2013 a czasem nawet ich zdalna naprawa.<\/p>\n<p data-start=\"3316\" data-end=\"3588\">Mobilno\u015b\u0107, elastyczno\u015b\u0107, dost\u0119p do nowoczesnych narz\u0119dzi i danych \u2013 to wszystko sprawia, \u017ce mobilne grupy FM staj\u0105 si\u0119 fundamentem nowoczesnego zarz\u0105dzania nieruchomo\u015bciami. A w obliczu rosn\u0105cej urbanizacji i rozwoju sektora komercyjnego, ich znaczenie b\u0119dzie nadal ros\u0142o.<\/p>\n","protected":false},"author":18,"featured_media":19139,"template":"","class_list":["post-19129","blog-post","type-blog-post","status-publish","has-post-thumbnail","hentry"],"yoast_head":"<!-- This site is optimized with the Yoast SEO plugin v27.5 - https:\/\/yoast.com\/product\/yoast-seo-wordpress\/ -->\n<title>Mobilne grupy FM | M2C<\/title>\n<meta name=\"description\" content=\"Konserwator na telefon? Oczywi\u015bcie! Obni\u017c koszty utrzymania technicznego swojego obiektu, decyduj\u0105c si\u0119 na zewn\u0119trzn\u0105 grup\u0119 mobiln\u0105 FM.\" \/>\n<meta name=\"robots\" content=\"index, follow, max-snippet:-1, max-image-preview:large, max-video-preview:-1\" \/>\n<link rel=\"canonical\" href=\"https:\/\/www.m2c.eu\/pl\/blog\/mobilne-grupy-fm\/\" \/>\n<meta property=\"og:locale\" content=\"pl_PL\" \/>\n<meta property=\"og:type\" content=\"article\" \/>\n<meta property=\"og:title\" content=\"Mobilne grupy FM | M2C\" \/>\n<meta property=\"og:description\" content=\"Konserwator na telefon? Oczywi\u015bcie! Obni\u017c koszty utrzymania technicznego swojego obiektu, decyduj\u0105c si\u0119 na zewn\u0119trzn\u0105 grup\u0119 mobiln\u0105 FM.\" \/>\n<meta property=\"og:url\" content=\"https:\/\/www.m2c.eu\/pl\/blog\/mobilne-grupy-fm\/\" \/>\n<meta property=\"og:site_name\" content=\"M2C\" \/>\n<meta property=\"article:modified_time\" content=\"2025-06-11T06:29:02+00:00\" \/>\n<meta property=\"og:image\" content=\"https:\/\/www.m2c.eu\/wp-content\/uploads\/2025\/06\/m2c-poland-blog-mobilne-grupy-fm-1168x512-1.png\" \/>\n\t<meta property=\"og:image:width\" content=\"1168\" \/>\n\t<meta property=\"og:image:height\" content=\"512\" \/>\n\t<meta property=\"og:image:type\" content=\"image\/png\" \/>\n<meta name=\"twitter:card\" content=\"summary_large_image\" \/>\n<meta name=\"twitter:label1\" content=\"Szacowany czas czytania\" \/>\n\t<meta name=\"twitter:data1\" content=\"3 minuty\" \/>\n<!-- \/ Yoast SEO plugin. -->","yoast_head_json":{"title":"Mobilne grupy FM | M2C","description":"Konserwator na telefon? Oczywi\u015bcie! Obni\u017c koszty utrzymania technicznego swojego obiektu, decyduj\u0105c si\u0119 na zewn\u0119trzn\u0105 grup\u0119 mobiln\u0105 FM.","robots":{"index":"index","follow":"follow","max-snippet":"max-snippet:-1","max-image-preview":"max-image-preview:large","max-video-preview":"max-video-preview:-1"},"canonical":"https:\/\/www.m2c.eu\/pl\/blog\/mobilne-grupy-fm\/","og_locale":"pl_PL","og_type":"article","og_title":"Mobilne grupy FM | M2C","og_description":"Konserwator na telefon? Oczywi\u015bcie! Obni\u017c koszty utrzymania technicznego swojego obiektu, decyduj\u0105c si\u0119 na zewn\u0119trzn\u0105 grup\u0119 mobiln\u0105 FM.","og_url":"https:\/\/www.m2c.eu\/pl\/blog\/mobilne-grupy-fm\/","og_site_name":"M2C","article_modified_time":"2025-06-11T06:29:02+00:00","og_image":[{"width":1168,"height":512,"url":"https:\/\/www.m2c.eu\/wp-content\/uploads\/2025\/06\/m2c-poland-blog-mobilne-grupy-fm-1168x512-1.png","type":"image\/png"}],"twitter_card":"summary_large_image","twitter_misc":{"Szacowany czas czytania":"3 minuty"},"schema":{"@context":"https:\/\/schema.org","@graph":[{"@type":"WebPage","@id":"https:\/\/www.m2c.eu\/pl\/blog\/mobilne-grupy-fm\/","url":"https:\/\/www.m2c.eu\/pl\/blog\/mobilne-grupy-fm\/","name":"Mobilne grupy FM | M2C","isPartOf":{"@id":"https:\/\/www.m2c.eu\/#website"},"primaryImageOfPage":{"@id":"https:\/\/www.m2c.eu\/pl\/blog\/mobilne-grupy-fm\/#primaryimage"},"image":{"@id":"https:\/\/www.m2c.eu\/pl\/blog\/mobilne-grupy-fm\/#primaryimage"},"thumbnailUrl":"https:\/\/www.m2c.eu\/wp-content\/uploads\/2025\/06\/m2c-poland-blog-mobilne-grupy-fm-1168x512-1.png","datePublished":"2025-05-10T06:22:25+00:00","dateModified":"2025-06-11T06:29:02+00:00","description":"Konserwator na telefon? Oczywi\u015bcie! Obni\u017c koszty utrzymania technicznego swojego obiektu, decyduj\u0105c si\u0119 na zewn\u0119trzn\u0105 grup\u0119 mobiln\u0105 FM.","breadcrumb":{"@id":"https:\/\/www.m2c.eu\/pl\/blog\/mobilne-grupy-fm\/#breadcrumb"},"inLanguage":"pl-PL","potentialAction":[{"@type":"ReadAction","target":["https:\/\/www.m2c.eu\/pl\/blog\/mobilne-grupy-fm\/"]}]},{"@type":"ImageObject","inLanguage":"pl-PL","@id":"https:\/\/www.m2c.eu\/pl\/blog\/mobilne-grupy-fm\/#primaryimage","url":"https:\/\/www.m2c.eu\/wp-content\/uploads\/2025\/06\/m2c-poland-blog-mobilne-grupy-fm-1168x512-1.png","contentUrl":"https:\/\/www.m2c.eu\/wp-content\/uploads\/2025\/06\/m2c-poland-blog-mobilne-grupy-fm-1168x512-1.png","width":1168,"height":512,"caption":"technik i konserwator na telefon"},{"@type":"BreadcrumbList","@id":"https:\/\/www.m2c.eu\/pl\/blog\/mobilne-grupy-fm\/#breadcrumb","itemListElement":[{"@type":"ListItem","position":1,"name":"\u00davod","item":"https:\/\/www.m2c.eu\/pl\/"},{"@type":"ListItem","position":2,"name":"Blog","item":"https:\/\/www.m2c.eu\/pl\/blog\/"},{"@type":"ListItem","position":3,"name":"Mobilne grupy FM"}]},{"@type":"WebSite","@id":"https:\/\/www.m2c.eu\/#website","url":"https:\/\/www.m2c.eu\/","name":"M2C","description":"Kompleksowa obs\u0142uga obiekt\u00f3w komercyjnych","publisher":{"@id":"https:\/\/www.m2c.eu\/#organization"},"potentialAction":[{"@type":"SearchAction","target":{"@type":"EntryPoint","urlTemplate":"https:\/\/www.m2c.eu\/?s={search_term_string}"},"query-input":{"@type":"PropertyValueSpecification","valueRequired":true,"valueName":"search_term_string"}}],"inLanguage":"pl-PL"},{"@type":"Organization","@id":"https:\/\/www.m2c.eu\/#organization","name":"M2C","url":"https:\/\/www.m2c.eu\/","logo":{"@type":"ImageObject","inLanguage":"pl-PL","@id":"https:\/\/www.m2c.eu\/#\/schema\/logo\/image\/","url":"https:\/\/www.m2c.eu\/wp-content\/uploads\/2021\/08\/logo-m2c.svg","contentUrl":"https:\/\/www.m2c.eu\/wp-content\/uploads\/2021\/08\/logo-m2c.svg","width":141,"height":40,"caption":"M2C"},"image":{"@id":"https:\/\/www.m2c.eu\/#\/schema\/logo\/image\/"}}]}},"_links":{"self":[{"href":"https:\/\/www.m2c.eu\/pl\/wp-json\/wp\/v2\/blog-post\/19129","targetHints":{"allow":["GET"]}}],"collection":[{"href":"https:\/\/www.m2c.eu\/pl\/wp-json\/wp\/v2\/blog-post"}],"about":[{"href":"https:\/\/www.m2c.eu\/pl\/wp-json\/wp\/v2\/types\/blog-post"}],"author":[{"embeddable":true,"href":"https:\/\/www.m2c.eu\/pl\/wp-json\/wp\/v2\/users\/18"}],"wp:featuredmedia":[{"embeddable":true,"href":"https:\/\/www.m2c.eu\/pl\/wp-json\/wp\/v2\/media\/19139"}],"wp:attachment":[{"href":"https:\/\/www.m2c.eu\/pl\/wp-json\/wp\/v2\/media?parent=19129"}],"curies":[{"name":"wp","href":"https:\/\/api.w.org\/{rel}","templated":true}]}}