{"id":11690,"date":"2023-06-06T10:02:55","date_gmt":"2023-06-06T08:02:55","guid":{"rendered":"https:\/\/www.m2c.eu\/?post_type=blog-post&#038;p=11690"},"modified":"2023-05-19T15:39:05","modified_gmt":"2023-05-19T13:39:05","slug":"dyrektywa-csrd","status":"publish","type":"blog-post","link":"https:\/\/www.m2c.eu\/pl\/blog\/dyrektywa-csrd\/","title":{"rendered":"Dyrektywa CSRD &#8211; cele, terminy"},"content":{"rendered":"<p>14.12.2022 Unia Europejska przyj\u0119\u0142a<strong> dyrektyw\u0119 CSRD<\/strong> (<em>Corporate Sustainability Reporting Directive<\/em>), kt\u00f3ra zacz\u0119\u0142a obowi\u0105zywa\u0107 ju\u017c nieca\u0142e 3 tygodnie p\u00f3\u017aniej. By\u0142a to odpowied\u017a Unii na <strong>zbyt og\u00f3lne i szerokie dotychczas przepisy dotycz\u0105ce raportowania informacji niefinansowych oraz wytyczne ONZ<\/strong>. Wprowadza zmiany istotne przede wszystkim dla du\u017cych przedsi\u0119biorstw i niekt\u00f3rych z sektora M\u015aP.<\/p>\n<p>&nbsp;<\/p>\n<h3>Cele dyrektywy CRSD<\/h3>\n<p>Dyrektywa przedstawia <strong>now\u0105 strategi\u0119 na rzecz wzrostu gospodarczego UE<\/strong>, kt\u00f3r\u0105 nazywa Zielonym \u0141adem. Jej cele s\u0105 opisane we wst\u0119pie dokumentu nast\u0119puj\u0105co:<\/p>\n<p>\u201eJej celem jest przekszta\u0142cenie Unii w nowoczesn\u0105, zasobooszcz\u0119dn\u0105 i konkurencyjn\u0105 gospodark\u0119 o zerowym poziomie emisji gaz\u00f3w cieplarnianych netto do 2050 r.<\/p>\n<p>Jej celem jest r\u00f3wnie\u017c ochrona, zachowanie i poprawa kapita\u0142u naturalnego Unii oraz ochrona zdrowia i dobrostanu obywateli Unii przed zagro\u017ceniami i negatywnymi skutkami zwi\u0105zanymi ze \u015brodowiskiem.<\/p>\n<p>Celem Zielonego \u0141adu jest oddzielenie wzrostu gospodarczego od wykorzystania zasob\u00f3w naturalnych i zapewnienie, aby wszystkie regiony i wszyscy obywatele Unii uczestniczyli w sprawiedliwej spo\u0142ecznie transformacji w kierunku zr\u00f3wnowa\u017conego systemu gospodarczego, w kt\u00f3rym \u017cadna osoba i \u017cadne miejsce nie zosta\u0142y pomini\u0119te.<\/p>\n<p>Przyczyni si\u0119 on do osi\u0105gni\u0119cia celu, jakim jest budowanie gospodarki s\u0142u\u017c\u0105cej ludziom, wzmocnienie spo\u0142ecznej gospodarki rynkowej Unii i dopilnowanie, aby by\u0142a ona gotowa na przysz\u0142o\u015b\u0107 oraz zapewnia\u0142a stabilno\u015b\u0107, miejsca pracy, wzrost gospodarczy i zr\u00f3wnowa\u017cone inwestycje.\u201d (<em>DYREKTYWA PARLAMENTU EUROPEJSKIEGO I RADY (UE) 2022\/2464 z dnia 14 grudnia 2022 r. w sprawie zmiany rozporz\u0105dzenia (UE) nr 537\/2014, dyrektywy 2004\/109\/WE, dyrektywy 2006\/43\/WE oraz dyrektywy 2013\/34\/UE w odniesieniu do sprawozdawczo\u015bci przedsi\u0119biorstw w zakresie zr\u00f3wnowa\u017conego rozwoju<\/em>).<\/p>\n<p>&nbsp;<\/p>\n<h3>A w praktyce?<\/h3>\n<p><strong>W praktyce oznacza to d\u0105\u017cenie do jednoczesnego rozwoju spo\u0142ecze\u0144stw i gospodarki z dbaniem o r\u00f3wno\u015b\u0107 i prawa cz\u0142owieka oraz tworzenia zbilansowanego, bior\u00f3\u017cnorodnego, sta\u0142ego ekosystemu Ziemi<\/strong>. Skupiaj\u0105c si\u0119 na wzro\u015bcie gospodarki, przemys\u0142u i technologii przez ostatnie stulecia, natura i \u015brodowisko do\u015bwiadczy\u0142y ogromnych zniszcze\u0144 i strat. Coraz g\u0142o\u015bniej m\u00f3wi si\u0119 te\u017c o dehumanizowaniu cz\u0142owieka, traktowania go jak przedmiot i nieuczciwych, nietransparentnych praktykach stosowanych w zak\u0142adach pracy.<\/p>\n<p>Wi\u0119ksza \u015bwiadomo\u015b\u0107 ludzi odno\u015bnie warunk\u00f3w przyrodniczych i spo\u0142ecznych, do kt\u00f3rych doprowadzili\u015bmy, zmienia kierunek naszych dzia\u0142a\u0144. Dyrektywa \u00a0o raportowaniu w zakresie zr\u00f3wnowa\u017conego rozwoju jest w\u0142a\u015bnie narz\u0119dziem UE, kt\u00f3re ma pom\u00f3c jej cz\u0142onkom w osi\u0105gnieciu zamierzonych cel\u00f3w.<\/p>\n<p>Dokument, reguluj\u0105c obowi\u0105zki wszystkich du\u017cych oraz cz\u0119\u015bci M\u015aP odno\u015bnie sprawozdawczo\u015bci w zakresie zr\u00f3wnowa\u017conego rozwoju, nak\u0142ada na firmy obowi\u0105zek raportowania danych dotycz\u0105cych ich wp\u0142ywu w\u0142a\u015bnie na:<\/p>\n<ul>\n<li>\u015brodowisko<\/li>\n<li>spo\u0142ecze\u0144stwo<\/li>\n<li>prawa cz\u0142owieka<\/li>\n<li>\u0142ad korporacyjny<\/li>\n<\/ul>\n<p>Informacje, kt\u00f3re przedsi\u0119biorstwa b\u0119d\u0105 musia\u0142y zawrze\u0107, b\u0119d\u0105 odnosi\u0107 si\u0119 do obszar\u00f3w dzia\u0142alno\u015bci takich jak transformacja energetyczna, ochrona bior\u00f3\u017cnorodno\u015bci, zapotrzebowanie na wod\u0119, r\u00f3wno\u015b\u0107 p\u0142ac bez wzgl\u0119du na p\u0142e\u0107, rozw\u00f3j i szkolenia pracownik\u00f3w, zatrudnienie os\u00f3b niepe\u0142nosprawnych, etc.<\/p>\n<p>&nbsp;<\/p>\n<h3>Terminy zwi\u0105zane z dyrektyw\u0105 CSRD<\/h3>\n<p>Nowy format raportowania b\u0119dzie obowi\u0105zywa\u0107 nast\u0119puj\u0105co:<\/p>\n<ul>\n<li>najwi\u0119ksze podmioty (jednostki zainteresowania publicznego, zatrudniaj\u0105ce ponad 500 os\u00f3b), kt\u00f3re ju\u017c obecnie raportuj\u0105 na podstawie ustawy o rachunkowo\u015bci, przedstawi\u0105 informacje w 2025 roku (za rok obrotowy 2024)<\/li>\n<li>pozosta\u0142e du\u017ce przedsi\u0119biorstwa w 2026 roku,<\/li>\n<li>ma\u0142e i \u015brednie sp\u00f3\u0142ki gie\u0142dowe w 2027.<\/li>\n<\/ul>\n<p>&nbsp;<\/p>\n<div class=\"table-responsive\"><table style=\"border-collapse: collapse; width: 54.4598%;\">\n<tbody>\n<tr>\n<td style=\"width: 30.1376%;\"><span style=\"text-decoration: underline;\">przedsi\u0119biorstwa<\/span><\/td>\n<td style=\"width: 11.9256%;\"><span style=\"text-decoration: underline;\">ostateczny termin wdro\u017cenia<\/span><\/td>\n<td style=\"width: 4.67845%;\"><span style=\"text-decoration: underline;\">termin raportowania<\/span><\/td>\n<\/tr>\n<tr>\n<td style=\"width: 30.1376%;\">du\u017ce sp\u00f3\u0142ki interesu publicznego, obj\u0119te ju\u017c dyrektyw\u0105 NFRD i zatrudniaj\u0105ce powy\u017cej 500 pracownik\u00f3w<\/td>\n<td style=\"width: 11.9256%;\">od 01.01.2024<\/td>\n<td style=\"width: 4.67845%;\">2025<\/td>\n<\/tr>\n<tr>\n<td style=\"width: 30.1376%;\">du\u017ce przedsi\u0119biorstwa, kt\u00f3re nie podlegaj\u0105 dyrektywie NFRD:<\/p>\n<ul>\n<li>i zatrudniaj\u0105ce ponad 250 pracownik\u00f3w<\/li>\n<li>i\/lub maj\u0105ce 40 mln \u20ac obrot\u00f3w i\/lub 20 mln \u20ac ca\u0142kowitych aktyw\u00f3w<\/li>\n<\/ul>\n<\/td>\n<td style=\"width: 11.9256%;\">od 01.01.2025<\/td>\n<td style=\"width: 4.67845%;\">2026<\/td>\n<\/tr>\n<tr>\n<td style=\"width: 30.1376%;\">M\u015aP, a tak\u017ce inne przedsi\u0119biorstwa notowane na gie\u0142dzie<\/td>\n<td style=\"width: 11.9256%;\">od 01.01.2026<\/td>\n<td style=\"width: 4.67845%;\">2027<\/td>\n<\/tr>\n<\/tbody>\n<\/table><\/div>\n<p>&nbsp;<\/p>\n","protected":false},"author":18,"featured_media":11691,"template":"","class_list":["post-11690","blog-post","type-blog-post","status-publish","has-post-thumbnail","hentry"],"yoast_head":"<!-- This site is optimized with the Yoast SEO plugin v27.4 - https:\/\/yoast.com\/product\/yoast-seo-wordpress\/ -->\n<title>Dyrektywa CSRD - cele, terminy | M2C dyrektywa CSRD<\/title>\n<meta name=\"description\" content=\"Czym jest dyrektywa CSRD, jakie s\u0105 jej cele i z czym si\u0119 wi\u0105\u017ce? Sprawd\u017a, czy nowe rozporz\u0105dzenie wp\u0142ywa na Twoje przedsi\u0119biorstwo\" \/>\n<meta name=\"robots\" content=\"index, follow, max-snippet:-1, max-image-preview:large, max-video-preview:-1\" \/>\n<link rel=\"canonical\" href=\"https:\/\/www.m2c.eu\/pl\/blog\/dyrektywa-csrd\/\" \/>\n<meta property=\"og:locale\" content=\"pl_PL\" \/>\n<meta property=\"og:type\" content=\"article\" \/>\n<meta property=\"og:title\" content=\"Dyrektywa CSRD - cele, terminy | M2C dyrektywa CSRD\" \/>\n<meta property=\"og:description\" content=\"Czym jest dyrektywa CSRD, jakie s\u0105 jej cele i z czym si\u0119 wi\u0105\u017ce? Sprawd\u017a, czy nowe rozporz\u0105dzenie wp\u0142ywa na Twoje przedsi\u0119biorstwo\" \/>\n<meta property=\"og:url\" content=\"https:\/\/www.m2c.eu\/pl\/blog\/dyrektywa-csrd\/\" \/>\n<meta property=\"og:site_name\" content=\"M2C\" \/>\n<meta property=\"og:image\" content=\"https:\/\/www.m2c.eu\/wp-content\/uploads\/2023\/05\/dyrektywa-raport-zdjecie-scaled.jpg\" \/>\n\t<meta property=\"og:image:width\" content=\"2560\" \/>\n\t<meta property=\"og:image:height\" content=\"1703\" \/>\n\t<meta property=\"og:image:type\" content=\"image\/jpeg\" \/>\n<meta name=\"twitter:card\" content=\"summary_large_image\" \/>\n<meta name=\"twitter:label1\" content=\"Szacowany czas czytania\" \/>\n\t<meta name=\"twitter:data1\" content=\"4 minuty\" \/>\n<!-- \/ Yoast SEO plugin. -->","yoast_head_json":{"title":"Dyrektywa CSRD - cele, terminy | M2C dyrektywa CSRD","description":"Czym jest dyrektywa CSRD, jakie s\u0105 jej cele i z czym si\u0119 wi\u0105\u017ce? Sprawd\u017a, czy nowe rozporz\u0105dzenie wp\u0142ywa na Twoje przedsi\u0119biorstwo","robots":{"index":"index","follow":"follow","max-snippet":"max-snippet:-1","max-image-preview":"max-image-preview:large","max-video-preview":"max-video-preview:-1"},"canonical":"https:\/\/www.m2c.eu\/pl\/blog\/dyrektywa-csrd\/","og_locale":"pl_PL","og_type":"article","og_title":"Dyrektywa CSRD - cele, terminy | M2C dyrektywa CSRD","og_description":"Czym jest dyrektywa CSRD, jakie s\u0105 jej cele i z czym si\u0119 wi\u0105\u017ce? Sprawd\u017a, czy nowe rozporz\u0105dzenie wp\u0142ywa na Twoje przedsi\u0119biorstwo","og_url":"https:\/\/www.m2c.eu\/pl\/blog\/dyrektywa-csrd\/","og_site_name":"M2C","og_image":[{"width":2560,"height":1703,"url":"https:\/\/www.m2c.eu\/wp-content\/uploads\/2023\/05\/dyrektywa-raport-zdjecie-scaled.jpg","type":"image\/jpeg"}],"twitter_card":"summary_large_image","twitter_misc":{"Szacowany czas czytania":"4 minuty"},"schema":{"@context":"https:\/\/schema.org","@graph":[{"@type":"WebPage","@id":"https:\/\/www.m2c.eu\/pl\/blog\/dyrektywa-csrd\/","url":"https:\/\/www.m2c.eu\/pl\/blog\/dyrektywa-csrd\/","name":"Dyrektywa CSRD - cele, terminy | M2C dyrektywa CSRD","isPartOf":{"@id":"https:\/\/www.m2c.eu\/#website"},"primaryImageOfPage":{"@id":"https:\/\/www.m2c.eu\/pl\/blog\/dyrektywa-csrd\/#primaryimage"},"image":{"@id":"https:\/\/www.m2c.eu\/pl\/blog\/dyrektywa-csrd\/#primaryimage"},"thumbnailUrl":"https:\/\/www.m2c.eu\/wp-content\/uploads\/2023\/05\/dyrektywa-raport-zdjecie-scaled.jpg","datePublished":"2023-06-06T08:02:55+00:00","description":"Czym jest dyrektywa CSRD, jakie s\u0105 jej cele i z czym si\u0119 wi\u0105\u017ce? Sprawd\u017a, czy nowe rozporz\u0105dzenie wp\u0142ywa na Twoje przedsi\u0119biorstwo","breadcrumb":{"@id":"https:\/\/www.m2c.eu\/pl\/blog\/dyrektywa-csrd\/#breadcrumb"},"inLanguage":"pl-PL","potentialAction":[{"@type":"ReadAction","target":["https:\/\/www.m2c.eu\/pl\/blog\/dyrektywa-csrd\/"]}]},{"@type":"ImageObject","inLanguage":"pl-PL","@id":"https:\/\/www.m2c.eu\/pl\/blog\/dyrektywa-csrd\/#primaryimage","url":"https:\/\/www.m2c.eu\/wp-content\/uploads\/2023\/05\/dyrektywa-raport-zdjecie-scaled.jpg","contentUrl":"https:\/\/www.m2c.eu\/wp-content\/uploads\/2023\/05\/dyrektywa-raport-zdjecie-scaled.jpg","width":2560,"height":1703,"caption":"CSRD dyrektywa raportowanie"},{"@type":"BreadcrumbList","@id":"https:\/\/www.m2c.eu\/pl\/blog\/dyrektywa-csrd\/#breadcrumb","itemListElement":[{"@type":"ListItem","position":1,"name":"\u00davod","item":"https:\/\/www.m2c.eu\/pl\/"},{"@type":"ListItem","position":2,"name":"Blog","item":"https:\/\/www.m2c.eu\/pl\/blog\/"},{"@type":"ListItem","position":3,"name":"Dyrektywa CSRD &#8211; cele, terminy"}]},{"@type":"WebSite","@id":"https:\/\/www.m2c.eu\/#website","url":"https:\/\/www.m2c.eu\/","name":"M2C","description":"Kompleksowa obs\u0142uga obiekt\u00f3w komercyjnych","publisher":{"@id":"https:\/\/www.m2c.eu\/#organization"},"potentialAction":[{"@type":"SearchAction","target":{"@type":"EntryPoint","urlTemplate":"https:\/\/www.m2c.eu\/?s={search_term_string}"},"query-input":{"@type":"PropertyValueSpecification","valueRequired":true,"valueName":"search_term_string"}}],"inLanguage":"pl-PL"},{"@type":"Organization","@id":"https:\/\/www.m2c.eu\/#organization","name":"M2C","url":"https:\/\/www.m2c.eu\/","logo":{"@type":"ImageObject","inLanguage":"pl-PL","@id":"https:\/\/www.m2c.eu\/#\/schema\/logo\/image\/","url":"https:\/\/www.m2c.eu\/wp-content\/uploads\/2021\/08\/logo-m2c.svg","contentUrl":"https:\/\/www.m2c.eu\/wp-content\/uploads\/2021\/08\/logo-m2c.svg","width":141,"height":40,"caption":"M2C"},"image":{"@id":"https:\/\/www.m2c.eu\/#\/schema\/logo\/image\/"}}]}},"_links":{"self":[{"href":"https:\/\/www.m2c.eu\/pl\/wp-json\/wp\/v2\/blog-post\/11690","targetHints":{"allow":["GET"]}}],"collection":[{"href":"https:\/\/www.m2c.eu\/pl\/wp-json\/wp\/v2\/blog-post"}],"about":[{"href":"https:\/\/www.m2c.eu\/pl\/wp-json\/wp\/v2\/types\/blog-post"}],"author":[{"embeddable":true,"href":"https:\/\/www.m2c.eu\/pl\/wp-json\/wp\/v2\/users\/18"}],"wp:featuredmedia":[{"embeddable":true,"href":"https:\/\/www.m2c.eu\/pl\/wp-json\/wp\/v2\/media\/11691"}],"wp:attachment":[{"href":"https:\/\/www.m2c.eu\/pl\/wp-json\/wp\/v2\/media?parent=11690"}],"curies":[{"name":"wp","href":"https:\/\/api.w.org\/{rel}","templated":true}]}}