{"id":11600,"date":"2023-05-11T12:05:58","date_gmt":"2023-05-11T10:05:58","guid":{"rendered":"https:\/\/www.m2c.eu\/?p=11600"},"modified":"2023-05-11T12:05:58","modified_gmt":"2023-05-11T10:05:58","slug":"we-visited-romania-esg-property-forum","status":"publish","type":"post","link":"https:\/\/www.m2c.eu\/en\/we-visited-romania-esg-property-forum\/","title":{"rendered":"We visited Romania ESG Property Forum"},"content":{"rendered":"<p>We are thrilled to have been able to attend Romania ESG FORUM 2023, an international conference focused on the role of ESG in business.<\/p>\n<p>Our colleagues gained new insights and inspiration on the latest ESG trends and how to integrate sustainability into business strategies and corporate DNA.<br \/>\nWe believe this conference will help us move forward towards a sustainable future and we will continue to work on how we can contribute to positive change in the world.<\/p>\n","protected":false},"excerpt":{"rendered":"<p>We are thrilled to have been able to attend Romania ESG FORUM 2023, an international conference focused on the role of ESG in business. Our colleagues gained new insights and inspiration on the latest ESG trends and how to integrate sustainability into business strategies and corporate DNA. We believe this conference will help us move&#8230;<\/p>\n","protected":false},"author":8,"featured_media":11576,"comment_status":"open","ping_status":"open","sticky":false,"template":"","format":"standard","meta":{"_monsterinsights_skip_tracking":false,"_monsterinsights_sitenote_active":false,"_monsterinsights_sitenote_note":"","_monsterinsights_sitenote_category":0,"footnotes":""},"categories":[13],"tags":[],"class_list":["post-11600","post","type-post","status-publish","format-standard","has-post-thumbnail","hentry","category-whats-new"],"yoast_head":"<!-- This site is optimized with the Yoast SEO plugin v27.5 - https:\/\/yoast.com\/product\/yoast-seo-wordpress\/ -->\n<title>We visited Romania ESG Property Forum | M2C<\/title>\n<meta name=\"robots\" content=\"index, follow, max-snippet:-1, max-image-preview:large, max-video-preview:-1\" \/>\n<link rel=\"canonical\" href=\"https:\/\/www.m2c.eu\/en\/we-visited-romania-esg-property-forum\/\" \/>\n<meta property=\"og:locale\" content=\"en_US\" \/>\n<meta property=\"og:type\" content=\"article\" \/>\n<meta property=\"og:title\" content=\"We visited Romania ESG Property Forum | M2C\" \/>\n<meta property=\"og:description\" content=\"We are thrilled to have been able to attend Romania ESG FORUM 2023, an international conference focused on the role of ESG in business. Our colleagues gained new insights and inspiration on the latest ESG trends and how to integrate sustainability into business strategies and corporate DNA. We believe this conference will help us move...\" \/>\n<meta property=\"og:url\" content=\"https:\/\/www.m2c.eu\/en\/we-visited-romania-esg-property-forum\/\" \/>\n<meta property=\"og:site_name\" content=\"M2C\" \/>\n<meta property=\"article:published_time\" content=\"2023-05-11T10:05:58+00:00\" \/>\n<meta property=\"og:image\" content=\"https:\/\/www.m2c.eu\/wp-content\/uploads\/2023\/05\/ESG1-scaled.jpeg\" \/>\n\t<meta property=\"og:image:width\" content=\"2560\" \/>\n\t<meta property=\"og:image:height\" content=\"1920\" \/>\n\t<meta property=\"og:image:type\" content=\"image\/jpeg\" \/>\n<meta name=\"author\" content=\"Eva Kon\u016fpkov\u00e1\" \/>\n<meta name=\"twitter:card\" content=\"summary_large_image\" \/>\n<meta name=\"twitter:label1\" content=\"Written by\" \/>\n\t<meta name=\"twitter:data1\" content=\"Eva Kon\u016fpkov\u00e1\" \/>\n\t<meta name=\"twitter:label2\" content=\"Est. reading time\" \/>\n\t<meta name=\"twitter:data2\" content=\"1 minute\" \/>\n<!-- \/ Yoast SEO plugin. -->","yoast_head_json":{"title":"We visited Romania ESG Property Forum | M2C","robots":{"index":"index","follow":"follow","max-snippet":"max-snippet:-1","max-image-preview":"max-image-preview:large","max-video-preview":"max-video-preview:-1"},"canonical":"https:\/\/www.m2c.eu\/en\/we-visited-romania-esg-property-forum\/","og_locale":"en_US","og_type":"article","og_title":"We visited Romania ESG Property Forum | M2C","og_description":"We are thrilled to have been able to attend Romania ESG FORUM 2023, an international conference focused on the role of ESG in business. Our colleagues gained new insights and inspiration on the latest ESG trends and how to integrate sustainability into business strategies and corporate DNA. We believe this conference will help us move...","og_url":"https:\/\/www.m2c.eu\/en\/we-visited-romania-esg-property-forum\/","og_site_name":"M2C","article_published_time":"2023-05-11T10:05:58+00:00","og_image":[{"width":2560,"height":1920,"url":"https:\/\/www.m2c.eu\/wp-content\/uploads\/2023\/05\/ESG1-scaled.jpeg","type":"image\/jpeg"}],"author":"Eva Kon\u016fpkov\u00e1","twitter_card":"summary_large_image","twitter_misc":{"Written by":"Eva Kon\u016fpkov\u00e1","Est. reading time":"1 minute"},"schema":{"@context":"https:\/\/schema.org","@graph":[{"@type":"Article","@id":"https:\/\/www.m2c.eu\/en\/we-visited-romania-esg-property-forum\/#article","isPartOf":{"@id":"https:\/\/www.m2c.eu\/en\/we-visited-romania-esg-property-forum\/"},"author":{"name":"Eva Kon\u016fpkov\u00e1","@id":"https:\/\/www.m2c.eu\/#\/schema\/person\/23a55ce990dcba75b63f44cc608b7db6"},"headline":"We visited Romania ESG Property Forum","datePublished":"2023-05-11T10:05:58+00:00","mainEntityOfPage":{"@id":"https:\/\/www.m2c.eu\/en\/we-visited-romania-esg-property-forum\/"},"wordCount":82,"commentCount":0,"publisher":{"@id":"https:\/\/www.m2c.eu\/#organization"},"image":{"@id":"https:\/\/www.m2c.eu\/en\/we-visited-romania-esg-property-forum\/#primaryimage"},"thumbnailUrl":"https:\/\/www.m2c.eu\/wp-content\/uploads\/2023\/05\/ESG1-scaled.jpeg","articleSection":["What's new"],"inLanguage":"en-US","potentialAction":[{"@type":"CommentAction","name":"Comment","target":["https:\/\/www.m2c.eu\/en\/we-visited-romania-esg-property-forum\/#respond"]}]},{"@type":"WebPage","@id":"https:\/\/www.m2c.eu\/en\/we-visited-romania-esg-property-forum\/","url":"https:\/\/www.m2c.eu\/en\/we-visited-romania-esg-property-forum\/","name":"We visited Romania ESG Property Forum | M2C","isPartOf":{"@id":"https:\/\/www.m2c.eu\/#website"},"primaryImageOfPage":{"@id":"https:\/\/www.m2c.eu\/en\/we-visited-romania-esg-property-forum\/#primaryimage"},"image":{"@id":"https:\/\/www.m2c.eu\/en\/we-visited-romania-esg-property-forum\/#primaryimage"},"thumbnailUrl":"https:\/\/www.m2c.eu\/wp-content\/uploads\/2023\/05\/ESG1-scaled.jpeg","datePublished":"2023-05-11T10:05:58+00:00","breadcrumb":{"@id":"https:\/\/www.m2c.eu\/en\/we-visited-romania-esg-property-forum\/#breadcrumb"},"inLanguage":"en-US","potentialAction":[{"@type":"ReadAction","target":["https:\/\/www.m2c.eu\/en\/we-visited-romania-esg-property-forum\/"]}]},{"@type":"ImageObject","inLanguage":"en-US","@id":"https:\/\/www.m2c.eu\/en\/we-visited-romania-esg-property-forum\/#primaryimage","url":"https:\/\/www.m2c.eu\/wp-content\/uploads\/2023\/05\/ESG1-scaled.jpeg","contentUrl":"https:\/\/www.m2c.eu\/wp-content\/uploads\/2023\/05\/ESG1-scaled.jpeg","width":2560,"height":1920},{"@type":"BreadcrumbList","@id":"https:\/\/www.m2c.eu\/en\/we-visited-romania-esg-property-forum\/#breadcrumb","itemListElement":[{"@type":"ListItem","position":1,"name":"\u00davod","item":"https:\/\/www.m2c.eu\/en\/"},{"@type":"ListItem","position":2,"name":"We visited Romania ESG Property Forum"}]},{"@type":"WebSite","@id":"https:\/\/www.m2c.eu\/#website","url":"https:\/\/www.m2c.eu\/","name":"M2C","description":"Kompleksowa obs\u0142uga obiekt\u00f3w komercyjnych","publisher":{"@id":"https:\/\/www.m2c.eu\/#organization"},"potentialAction":[{"@type":"SearchAction","target":{"@type":"EntryPoint","urlTemplate":"https:\/\/www.m2c.eu\/?s={search_term_string}"},"query-input":{"@type":"PropertyValueSpecification","valueRequired":true,"valueName":"search_term_string"}}],"inLanguage":"en-US"},{"@type":"Organization","@id":"https:\/\/www.m2c.eu\/#organization","name":"M2C","url":"https:\/\/www.m2c.eu\/","logo":{"@type":"ImageObject","inLanguage":"en-US","@id":"https:\/\/www.m2c.eu\/#\/schema\/logo\/image\/","url":"https:\/\/www.m2c.eu\/wp-content\/uploads\/2021\/08\/logo-m2c.svg","contentUrl":"https:\/\/www.m2c.eu\/wp-content\/uploads\/2021\/08\/logo-m2c.svg","width":141,"height":40,"caption":"M2C"},"image":{"@id":"https:\/\/www.m2c.eu\/#\/schema\/logo\/image\/"}},{"@type":"Person","@id":"https:\/\/www.m2c.eu\/#\/schema\/person\/23a55ce990dcba75b63f44cc608b7db6","name":"Eva Kon\u016fpkov\u00e1","image":{"@type":"ImageObject","inLanguage":"en-US","@id":"https:\/\/secure.gravatar.com\/avatar\/9e8ec57395a0785e3a93876b676dfe8235da79579b7624338da3bebb73b38988?s=96&d=mm&r=g","url":"https:\/\/secure.gravatar.com\/avatar\/9e8ec57395a0785e3a93876b676dfe8235da79579b7624338da3bebb73b38988?s=96&d=mm&r=g","contentUrl":"https:\/\/secure.gravatar.com\/avatar\/9e8ec57395a0785e3a93876b676dfe8235da79579b7624338da3bebb73b38988?s=96&d=mm&r=g","caption":"Eva Kon\u016fpkov\u00e1"}}]}},"_links":{"self":[{"href":"https:\/\/www.m2c.eu\/en\/wp-json\/wp\/v2\/posts\/11600","targetHints":{"allow":["GET"]}}],"collection":[{"href":"https:\/\/www.m2c.eu\/en\/wp-json\/wp\/v2\/posts"}],"about":[{"href":"https:\/\/www.m2c.eu\/en\/wp-json\/wp\/v2\/types\/post"}],"author":[{"embeddable":true,"href":"https:\/\/www.m2c.eu\/en\/wp-json\/wp\/v2\/users\/8"}],"replies":[{"embeddable":true,"href":"https:\/\/www.m2c.eu\/en\/wp-json\/wp\/v2\/comments?post=11600"}],"version-history":[{"count":1,"href":"https:\/\/www.m2c.eu\/en\/wp-json\/wp\/v2\/posts\/11600\/revisions"}],"predecessor-version":[{"id":11601,"href":"https:\/\/www.m2c.eu\/en\/wp-json\/wp\/v2\/posts\/11600\/revisions\/11601"}],"wp:featuredmedia":[{"embeddable":true,"href":"https:\/\/www.m2c.eu\/en\/wp-json\/wp\/v2\/media\/11576"}],"wp:attachment":[{"href":"https:\/\/www.m2c.eu\/en\/wp-json\/wp\/v2\/media?parent=11600"}],"wp:term":[{"taxonomy":"category","embeddable":true,"href":"https:\/\/www.m2c.eu\/en\/wp-json\/wp\/v2\/categories?post=11600"},{"taxonomy":"post_tag","embeddable":true,"href":"https:\/\/www.m2c.eu\/en\/wp-json\/wp\/v2\/tags?post=11600"}],"curies":[{"name":"wp","href":"https:\/\/api.w.org\/{rel}","templated":true}]}}