{"id":11797,"date":"2023-05-30T08:42:49","date_gmt":"2023-05-30T06:42:49","guid":{"rendered":"https:\/\/www.m2c.eu\/?p=11797"},"modified":"2023-05-30T08:42:49","modified_gmt":"2023-05-30T06:42:49","slug":"m2c-ist-ein-teil-des-erasmus-programms","status":"publish","type":"post","link":"https:\/\/www.m2c.eu\/de\/m2c-ist-ein-teil-des-erasmus-programms\/","title":{"rendered":"M2C ist ein Teil des ERASMUS+ Programms"},"content":{"rendered":"<p>Wussten Sie, dass Sie bei M2C ein Erasmus+-Praktikum absolvieren k\u00f6nnen? Ja, das stimmt! Wir sind stolz darauf, eine Gastorganisation f\u00fcr Erasmus-Praktika zu sein, und haben bereits \u00fcber 80 Studenten in unserem Team willkommen gehei\u00dfen. Derzeit schlie\u00dfen wir ein viermonatiges Praktikumsprogramm ab und bereiten uns auf den Start eines neuen Programms im Juni vor.<\/p>\n<p>Unsere Praktika bieten Studenten aus Europa und sogar den USA eine fantastische Gelegenheit, wertvolle Arbeitserfahrung in unserem Unternehmen zu sammeln. Wir bieten ein unterst\u00fctzendes und dynamisches Umfeld, in dem Praktikanten ihr Wissen anwenden, neue F\u00e4higkeiten entwickeln und zu realen Projekten beitragen k\u00f6nnen.<\/p>\n<p>Bei M2C glauben wir an die Kraft des internationalen Austauschs und der kulturellen Vielfalt. Mit unseren Erasmus-Praktika m\u00f6chten wir eine f\u00fcr beide Seiten vorteilhafte Erfahrung schaffen, sowohl f\u00fcr unsere Praktikanten als auch f\u00fcr unser Team. Es ist eine Chance, voneinander zu lernen, Perspektiven zu teilen und eine globale Denkweise zu f\u00f6rdern.<\/p>\n<p>Wenn Sie ein Student sind, der seine berufliche Entwicklung f\u00f6rdern, seinen Horizont erweitern und in ein dynamisches Arbeitsumfeld eintauchen m\u00f6chte, sollten Sie ein Erasmus+-Praktikum bei M2C in Erw\u00e4gung ziehen. Wir freuen uns auf motivierte Menschen, die lernen und wachsen und etwas bewirken wollen.<\/p>\n","protected":false},"excerpt":{"rendered":"<p>Wussten Sie, dass Sie bei M2C ein Erasmus+-Praktikum absolvieren k\u00f6nnen? Ja, das stimmt! Wir sind stolz darauf, eine Gastorganisation f\u00fcr Erasmus-Praktika zu sein, und haben bereits \u00fcber 80 Studenten in unserem Team willkommen gehei\u00dfen. Derzeit schlie\u00dfen wir ein viermonatiges Praktikumsprogramm ab und bereiten uns auf den Start eines neuen Programms im Juni vor. Unsere Praktika&#8230;<\/p>\n","protected":false},"author":8,"featured_media":11786,"comment_status":"open","ping_status":"open","sticky":false,"template":"","format":"standard","meta":{"_monsterinsights_skip_tracking":false,"_monsterinsights_sitenote_active":false,"_monsterinsights_sitenote_note":"","_monsterinsights_sitenote_category":0,"footnotes":""},"categories":[68],"tags":[],"class_list":["post-11797","post","type-post","status-publish","format-standard","has-post-thumbnail","hentry","category-was-ist-neu"],"yoast_head":"<!-- This site is optimized with the Yoast SEO plugin v27.5 - https:\/\/yoast.com\/product\/yoast-seo-wordpress\/ -->\n<title>M2C ist ein Teil des ERASMUS+ Programms | M2C<\/title>\n<meta name=\"robots\" content=\"index, follow, max-snippet:-1, max-image-preview:large, max-video-preview:-1\" \/>\n<link rel=\"canonical\" href=\"https:\/\/www.m2c.eu\/de\/m2c-ist-ein-teil-des-erasmus-programms\/\" \/>\n<meta property=\"og:locale\" content=\"de_DE\" \/>\n<meta property=\"og:type\" content=\"article\" \/>\n<meta property=\"og:title\" content=\"M2C ist ein Teil des ERASMUS+ Programms | M2C\" \/>\n<meta property=\"og:description\" content=\"Wussten Sie, dass Sie bei M2C ein Erasmus+-Praktikum absolvieren k\u00f6nnen? Ja, das stimmt! Wir sind stolz darauf, eine Gastorganisation f\u00fcr Erasmus-Praktika zu sein, und haben bereits \u00fcber 80 Studenten in unserem Team willkommen gehei\u00dfen. Derzeit schlie\u00dfen wir ein viermonatiges Praktikumsprogramm ab und bereiten uns auf den Start eines neuen Programms im Juni vor. Unsere Praktika...\" \/>\n<meta property=\"og:url\" content=\"https:\/\/www.m2c.eu\/de\/m2c-ist-ein-teil-des-erasmus-programms\/\" \/>\n<meta property=\"og:site_name\" content=\"M2C\" \/>\n<meta property=\"article:published_time\" content=\"2023-05-30T06:42:49+00:00\" \/>\n<meta property=\"og:image\" content=\"https:\/\/www.m2c.eu\/wp-content\/uploads\/2023\/05\/Erasmus2-scaled.jpg\" \/>\n\t<meta property=\"og:image:width\" content=\"1920\" \/>\n\t<meta property=\"og:image:height\" content=\"2560\" \/>\n\t<meta property=\"og:image:type\" content=\"image\/jpeg\" \/>\n<meta name=\"author\" content=\"Eva Kon\u016fpkov\u00e1\" \/>\n<meta name=\"twitter:card\" content=\"summary_large_image\" \/>\n<meta name=\"twitter:label1\" content=\"Verfasst von\" \/>\n\t<meta name=\"twitter:data1\" content=\"Eva Kon\u016fpkov\u00e1\" \/>\n<!-- \/ Yoast SEO plugin. -->","yoast_head_json":{"title":"M2C ist ein Teil des ERASMUS+ Programms | M2C","robots":{"index":"index","follow":"follow","max-snippet":"max-snippet:-1","max-image-preview":"max-image-preview:large","max-video-preview":"max-video-preview:-1"},"canonical":"https:\/\/www.m2c.eu\/de\/m2c-ist-ein-teil-des-erasmus-programms\/","og_locale":"de_DE","og_type":"article","og_title":"M2C ist ein Teil des ERASMUS+ Programms | M2C","og_description":"Wussten Sie, dass Sie bei M2C ein Erasmus+-Praktikum absolvieren k\u00f6nnen? Ja, das stimmt! Wir sind stolz darauf, eine Gastorganisation f\u00fcr Erasmus-Praktika zu sein, und haben bereits \u00fcber 80 Studenten in unserem Team willkommen gehei\u00dfen. Derzeit schlie\u00dfen wir ein viermonatiges Praktikumsprogramm ab und bereiten uns auf den Start eines neuen Programms im Juni vor. Unsere Praktika...","og_url":"https:\/\/www.m2c.eu\/de\/m2c-ist-ein-teil-des-erasmus-programms\/","og_site_name":"M2C","article_published_time":"2023-05-30T06:42:49+00:00","og_image":[{"width":1920,"height":2560,"url":"https:\/\/www.m2c.eu\/wp-content\/uploads\/2023\/05\/Erasmus2-scaled.jpg","type":"image\/jpeg"}],"author":"Eva Kon\u016fpkov\u00e1","twitter_card":"summary_large_image","twitter_misc":{"Verfasst von":"Eva Kon\u016fpkov\u00e1"},"schema":{"@context":"https:\/\/schema.org","@graph":[{"@type":"Article","@id":"https:\/\/www.m2c.eu\/de\/m2c-ist-ein-teil-des-erasmus-programms\/#article","isPartOf":{"@id":"https:\/\/www.m2c.eu\/de\/m2c-ist-ein-teil-des-erasmus-programms\/"},"author":{"name":"Eva Kon\u016fpkov\u00e1","@id":"https:\/\/www.m2c.eu\/#\/schema\/person\/23a55ce990dcba75b63f44cc608b7db6"},"headline":"M2C ist ein Teil des ERASMUS+ Programms","datePublished":"2023-05-30T06:42:49+00:00","mainEntityOfPage":{"@id":"https:\/\/www.m2c.eu\/de\/m2c-ist-ein-teil-des-erasmus-programms\/"},"wordCount":216,"commentCount":0,"publisher":{"@id":"https:\/\/www.m2c.eu\/#organization"},"image":{"@id":"https:\/\/www.m2c.eu\/de\/m2c-ist-ein-teil-des-erasmus-programms\/#primaryimage"},"thumbnailUrl":"https:\/\/www.m2c.eu\/wp-content\/uploads\/2023\/05\/Erasmus2-scaled.jpg","articleSection":["Was ist neu"],"inLanguage":"de","potentialAction":[{"@type":"CommentAction","name":"Comment","target":["https:\/\/www.m2c.eu\/de\/m2c-ist-ein-teil-des-erasmus-programms\/#respond"]}]},{"@type":"WebPage","@id":"https:\/\/www.m2c.eu\/de\/m2c-ist-ein-teil-des-erasmus-programms\/","url":"https:\/\/www.m2c.eu\/de\/m2c-ist-ein-teil-des-erasmus-programms\/","name":"M2C ist ein Teil des ERASMUS+ Programms | M2C","isPartOf":{"@id":"https:\/\/www.m2c.eu\/#website"},"primaryImageOfPage":{"@id":"https:\/\/www.m2c.eu\/de\/m2c-ist-ein-teil-des-erasmus-programms\/#primaryimage"},"image":{"@id":"https:\/\/www.m2c.eu\/de\/m2c-ist-ein-teil-des-erasmus-programms\/#primaryimage"},"thumbnailUrl":"https:\/\/www.m2c.eu\/wp-content\/uploads\/2023\/05\/Erasmus2-scaled.jpg","datePublished":"2023-05-30T06:42:49+00:00","breadcrumb":{"@id":"https:\/\/www.m2c.eu\/de\/m2c-ist-ein-teil-des-erasmus-programms\/#breadcrumb"},"inLanguage":"de","potentialAction":[{"@type":"ReadAction","target":["https:\/\/www.m2c.eu\/de\/m2c-ist-ein-teil-des-erasmus-programms\/"]}]},{"@type":"ImageObject","inLanguage":"de","@id":"https:\/\/www.m2c.eu\/de\/m2c-ist-ein-teil-des-erasmus-programms\/#primaryimage","url":"https:\/\/www.m2c.eu\/wp-content\/uploads\/2023\/05\/Erasmus2-scaled.jpg","contentUrl":"https:\/\/www.m2c.eu\/wp-content\/uploads\/2023\/05\/Erasmus2-scaled.jpg","width":1920,"height":2560},{"@type":"BreadcrumbList","@id":"https:\/\/www.m2c.eu\/de\/m2c-ist-ein-teil-des-erasmus-programms\/#breadcrumb","itemListElement":[{"@type":"ListItem","position":1,"name":"\u00davod","item":"https:\/\/www.m2c.eu\/de\/"},{"@type":"ListItem","position":2,"name":"M2C ist ein Teil des ERASMUS+ Programms"}]},{"@type":"WebSite","@id":"https:\/\/www.m2c.eu\/#website","url":"https:\/\/www.m2c.eu\/","name":"M2C","description":"Kompleksowa obs\u0142uga obiekt\u00f3w komercyjnych","publisher":{"@id":"https:\/\/www.m2c.eu\/#organization"},"potentialAction":[{"@type":"SearchAction","target":{"@type":"EntryPoint","urlTemplate":"https:\/\/www.m2c.eu\/?s={search_term_string}"},"query-input":{"@type":"PropertyValueSpecification","valueRequired":true,"valueName":"search_term_string"}}],"inLanguage":"de"},{"@type":"Organization","@id":"https:\/\/www.m2c.eu\/#organization","name":"M2C","url":"https:\/\/www.m2c.eu\/","logo":{"@type":"ImageObject","inLanguage":"de","@id":"https:\/\/www.m2c.eu\/#\/schema\/logo\/image\/","url":"https:\/\/www.m2c.eu\/wp-content\/uploads\/2021\/08\/logo-m2c.svg","contentUrl":"https:\/\/www.m2c.eu\/wp-content\/uploads\/2021\/08\/logo-m2c.svg","width":141,"height":40,"caption":"M2C"},"image":{"@id":"https:\/\/www.m2c.eu\/#\/schema\/logo\/image\/"}},{"@type":"Person","@id":"https:\/\/www.m2c.eu\/#\/schema\/person\/23a55ce990dcba75b63f44cc608b7db6","name":"Eva Kon\u016fpkov\u00e1","image":{"@type":"ImageObject","inLanguage":"de","@id":"https:\/\/secure.gravatar.com\/avatar\/9e8ec57395a0785e3a93876b676dfe8235da79579b7624338da3bebb73b38988?s=96&d=mm&r=g","url":"https:\/\/secure.gravatar.com\/avatar\/9e8ec57395a0785e3a93876b676dfe8235da79579b7624338da3bebb73b38988?s=96&d=mm&r=g","contentUrl":"https:\/\/secure.gravatar.com\/avatar\/9e8ec57395a0785e3a93876b676dfe8235da79579b7624338da3bebb73b38988?s=96&d=mm&r=g","caption":"Eva Kon\u016fpkov\u00e1"}}]}},"_links":{"self":[{"href":"https:\/\/www.m2c.eu\/de\/wp-json\/wp\/v2\/posts\/11797","targetHints":{"allow":["GET"]}}],"collection":[{"href":"https:\/\/www.m2c.eu\/de\/wp-json\/wp\/v2\/posts"}],"about":[{"href":"https:\/\/www.m2c.eu\/de\/wp-json\/wp\/v2\/types\/post"}],"author":[{"embeddable":true,"href":"https:\/\/www.m2c.eu\/de\/wp-json\/wp\/v2\/users\/8"}],"replies":[{"embeddable":true,"href":"https:\/\/www.m2c.eu\/de\/wp-json\/wp\/v2\/comments?post=11797"}],"version-history":[{"count":1,"href":"https:\/\/www.m2c.eu\/de\/wp-json\/wp\/v2\/posts\/11797\/revisions"}],"predecessor-version":[{"id":11798,"href":"https:\/\/www.m2c.eu\/de\/wp-json\/wp\/v2\/posts\/11797\/revisions\/11798"}],"wp:featuredmedia":[{"embeddable":true,"href":"https:\/\/www.m2c.eu\/de\/wp-json\/wp\/v2\/media\/11786"}],"wp:attachment":[{"href":"https:\/\/www.m2c.eu\/de\/wp-json\/wp\/v2\/media?parent=11797"}],"wp:term":[{"taxonomy":"category","embeddable":true,"href":"https:\/\/www.m2c.eu\/de\/wp-json\/wp\/v2\/categories?post=11797"},{"taxonomy":"post_tag","embeddable":true,"href":"https:\/\/www.m2c.eu\/de\/wp-json\/wp\/v2\/tags?post=11797"}],"curies":[{"name":"wp","href":"https:\/\/api.w.org\/{rel}","templated":true}]}}